{"id":998,"date":"2026-02-11T04:07:03","date_gmt":"2026-02-11T04:07:03","guid":{"rendered":"https:\/\/eskigazeteci.com\/?p=998"},"modified":"2026-02-11T04:07:03","modified_gmt":"2026-02-11T04:07:03","slug":"hatayda-2-kardesin-korkunc-olumu","status":"publish","type":"post","link":"https:\/\/eskigazeteci.com\/?p=998","title":{"rendered":"Hatay&#8217;da 2 karde\u015fin korkun\u00e7 \u00f6l\u00fcm\u00fc"},"content":{"rendered":"<p>Olay, ak\u015fam saatlerinde K\u0131r\u0131khan il\u00e7esine ba\u011fl\u0131 \u00c7amsar\u0131 Mahallesi&#x27;nde meydana geldi. Evlerinin yak\u0131n\u0131nda sokakta oynayan \u00d6mer ve karde\u015fi \u0130smail Sert, ya\u011f\u0131\u015fl\u0131 hava nedeniyle suyla dolan yakla\u015f\u0131k bir metre derinli\u011findeki in\u015faat temeline d\u00fc\u015ft\u00fc. \u00c7evredekilerin seslenmesiyle h\u0131zla in\u015faat temeline ko\u015fan baba Emrah Sert, sudaki \u00e7ocuklar\u0131n\u0131 bilin\u00e7leri kapal\u0131 halde \u00e7\u0131kartt\u0131.<\/p>\n<p>\u0130hbar \u00fczerine olay yerine sa\u011fl\u0131k, itfaiye ve jandarma ekipleri sevk edildi. Ambulanslarla K\u0131r\u0131khan Devlet Hastanesi&#x27;ne kald\u0131r\u0131lan iki karde\u015f, doktorlar\u0131n m\u00fcdahalesine ra\u011fmen kurtar\u0131lamad\u0131. Sert karde\u015flerin cans\u0131z bedenleri, otopsi i\u00e7in Hatay Adli T\u0131p Kurumu &#x27;nun morguna kald\u0131r\u0131ld\u0131.<\/p>\n<p>Jandarma, olayla ilgili soru\u015fturma ba\u015flatt\u0131<\/p>\n<p>T\u00fcrkiye g\u00fcndeminden son dakika haberleri, bug\u00fcn ya\u015fanan en son geli\u015fmeler, siyaset g\u00fcndeminden g\u00fcncel haberler ve b\u00fct\u00fcn son dakika haberleri i\u00e7in H\u00fcrriyet&#x27;in internet haber sitesi hurriyet.com.tr; Hurriyet.com.tr haber i\u00e7erikleri kaynak g\u00f6sterilmeden al\u0131nt\u0131 yap\u0131lamaz, Kanuna ayk\u0131r\u0131 ve izinsiz olarak kopyalanamaz, ba\u015fka yerde yay\u0131nlanamaz.<\/p>\n","protected":false},"excerpt":{"rendered":"<p>Hatay&#8217;\u0131n K\u0131r\u0131khan il\u00e7esinde yakla\u015f\u0131k bir metre derinli\u011finde su dolu in\u015faat temeline d\u00fc\u015fen \u00d6mer (5) ve karde\u015fi \u0130smail Sert (3), hayat\u0131n\u0131 kaybetti.<\/p>\n","protected":false},"author":2,"featured_media":997,"comment_status":"open","ping_status":"open","sticky":false,"template":"","format":"standard","meta":{"footnotes":""},"categories":[8,6,5],"tags":[],"class_list":["post-998","post","type-post","status-publish","format-standard","has-post-thumbnail","hentry","category-arsiv","category-gundem","category-son-dakika"],"_links":{"self":[{"href":"https:\/\/eskigazeteci.com\/index.php?rest_route=\/wp\/v2\/posts\/998","targetHints":{"allow":["GET"]}}],"collection":[{"href":"https:\/\/eskigazeteci.com\/index.php?rest_route=\/wp\/v2\/posts"}],"about":[{"href":"https:\/\/eskigazeteci.com\/index.php?rest_route=\/wp\/v2\/types\/post"}],"author":[{"embeddable":true,"href":"https:\/\/eskigazeteci.com\/index.php?rest_route=\/wp\/v2\/users\/2"}],"replies":[{"embeddable":true,"href":"https:\/\/eskigazeteci.com\/index.php?rest_route=%2Fwp%2Fv2%2Fcomments&post=998"}],"version-history":[{"count":0,"href":"https:\/\/eskigazeteci.com\/index.php?rest_route=\/wp\/v2\/posts\/998\/revisions"}],"wp:featuredmedia":[{"embeddable":true,"href":"https:\/\/eskigazeteci.com\/index.php?rest_route=\/wp\/v2\/media\/997"}],"wp:attachment":[{"href":"https:\/\/eskigazeteci.com\/index.php?rest_route=%2Fwp%2Fv2%2Fmedia&parent=998"}],"wp:term":[{"taxonomy":"category","embeddable":true,"href":"https:\/\/eskigazeteci.com\/index.php?rest_route=%2Fwp%2Fv2%2Fcategories&post=998"},{"taxonomy":"post_tag","embeddable":true,"href":"https:\/\/eskigazeteci.com\/index.php?rest_route=%2Fwp%2Fv2%2Ftags&post=998"}],"curies":[{"name":"wp","href":"https:\/\/api.w.org\/{rel}","templated":true}]}}