{"id":996,"date":"2026-02-11T04:05:31","date_gmt":"2026-02-11T04:05:31","guid":{"rendered":"https:\/\/eskigazeteci.com\/?p=996"},"modified":"2026-02-11T04:05:31","modified_gmt":"2026-02-11T04:05:31","slug":"cocuklara-sosyal-medya-yasagi-dunyaya-yayiliyor-teknik-olarak-mumkun-mu-uzman-isim-uyardi-veri-guvenligine-cok-dikkat","status":"publish","type":"post","link":"https:\/\/eskigazeteci.com\/?p=996","title":{"rendered":"\u00c7ocuklara sosyal medya yasa\u011f\u0131 d\u00fcnyaya yay\u0131l\u0131yor! Teknik olarak m\u00fcmk\u00fcn m\u00fc? Uzman isim uyard\u0131: Veri g\u00fcvenli\u011fine \u00e7ok dikkat!"},"content":{"rendered":"<p>AVUSTRALYA \u0130LE BA\u015eLADI, D\u00dcNYAYA YAYILIYOR<\/p>\n<p>D\u00fcnyada sosyal medya kullan\u0131m\u0131na ya\u015f s\u0131n\u0131r\u0131 getirilmesi konusunda en radikal ad\u0131mlar Avustralya ve Fransa taraf\u0131ndan at\u0131ld\u0131. Avustralya, 16 ya\u015f alt\u0131ndaki \u00e7ocuklar\u0131n sosyal medya platformlar\u0131n\u0131 kullanmas\u0131n\u0131 tamamen yasaklayan yasal d\u00fczenlemeyi hayata ge\u00e7irerek bu alanda \u00f6nc\u00fc \u00fclkelerden biri oldu.<\/p>\n<p>Fransa ise daha kademeli bir yakla\u015f\u0131m benimseyerek \u2018dijital r\u00fc\u015ft\u2019 ya\u015f\u0131n\u0131 15 olarak belirledi ve bu ya\u015f\u0131n alt\u0131ndaki \u00e7ocuklar\u0131n sosyal medya kullan\u0131m\u0131n\u0131 ebeveyn iznine ba\u011flad\u0131.<\/p>\n<p>\u0130spanya ve \u00c7ekya da benzer \u015fekilde 15 ya\u015f s\u0131n\u0131r\u0131n\u0131 savunuyor , \u00e7ocuklar\u0131n \u00f6zellikle ruh sa\u011fl\u0131\u011f\u0131n\u0131 korumay\u0131 ama\u00e7layan d\u00fczenlemeler \u00fczerinde \u00e7al\u0131\u015f\u0131yor. Bu yakla\u015f\u0131m, \u00e7ocuklar\u0131n dijital ortamda kar\u015f\u0131la\u015ft\u0131klar\u0131 risklerin devletler taraf\u0131ndan art\u0131k daha ciddiye al\u0131nd\u0131\u011f\u0131n\u0131 g\u00f6steriyor.<\/p>\n<p>Bu e\u011filim yaln\u0131zca Avrupa ile s\u0131n\u0131rl\u0131 de\u011fil. Amerika Birle\u015fik Devletleri\u2019nde Florida ba\u015fta olmak \u00fczere baz\u0131 eyaletlerde 14 ya\u015f alt\u0131ndaki \u00e7ocuklar i\u00e7in sosyal medya yasa\u011f\u0131 uygulan\u0131yor.<\/p>\n<p>\u0130ngiltere ise do\u011frudan ya\u015f s\u0131n\u0131r\u0131 koymak yerine, \u201c\u00c7evrimi\u00e7i G\u00fcvenlik Yasas\u0131\u201d kapsam\u0131nda platformlara \u00e7ocuklara y\u00f6nelik i\u00e7erik denetimi konusunda a\u011f\u0131r yapt\u0131r\u0131mlar \u00f6ng\u00f6r\u00fcyor. T\u00fcm bu geli\u015fmeler, devletlerin sosyal&#8230;<\/p>\n","protected":false},"excerpt":{"rendered":"<p>Son g\u00fcnlerin en \u00e7ok konu\u015fulan konular\u0131ndan biri \u00e7ocuklar ve sosyal medya yasaklar\u0131. Avustralya ve Fransa\u2019dan sonra \u0130spanya ve \u00c7ekya\u2019da da 15 ya\u015f alt\u0131&#8230;<\/p>\n","protected":false},"author":2,"featured_media":995,"comment_status":"open","ping_status":"open","sticky":false,"template":"","format":"standard","meta":{"footnotes":""},"categories":[8,6,5],"tags":[],"class_list":["post-996","post","type-post","status-publish","format-standard","has-post-thumbnail","hentry","category-arsiv","category-gundem","category-son-dakika"],"_links":{"self":[{"href":"https:\/\/eskigazeteci.com\/index.php?rest_route=\/wp\/v2\/posts\/996","targetHints":{"allow":["GET"]}}],"collection":[{"href":"https:\/\/eskigazeteci.com\/index.php?rest_route=\/wp\/v2\/posts"}],"about":[{"href":"https:\/\/eskigazeteci.com\/index.php?rest_route=\/wp\/v2\/types\/post"}],"author":[{"embeddable":true,"href":"https:\/\/eskigazeteci.com\/index.php?rest_route=\/wp\/v2\/users\/2"}],"replies":[{"embeddable":true,"href":"https:\/\/eskigazeteci.com\/index.php?rest_route=%2Fwp%2Fv2%2Fcomments&post=996"}],"version-history":[{"count":0,"href":"https:\/\/eskigazeteci.com\/index.php?rest_route=\/wp\/v2\/posts\/996\/revisions"}],"wp:featuredmedia":[{"embeddable":true,"href":"https:\/\/eskigazeteci.com\/index.php?rest_route=\/wp\/v2\/media\/995"}],"wp:attachment":[{"href":"https:\/\/eskigazeteci.com\/index.php?rest_route=%2Fwp%2Fv2%2Fmedia&parent=996"}],"wp:term":[{"taxonomy":"category","embeddable":true,"href":"https:\/\/eskigazeteci.com\/index.php?rest_route=%2Fwp%2Fv2%2Fcategories&post=996"},{"taxonomy":"post_tag","embeddable":true,"href":"https:\/\/eskigazeteci.com\/index.php?rest_route=%2Fwp%2Fv2%2Ftags&post=996"}],"curies":[{"name":"wp","href":"https:\/\/api.w.org\/{rel}","templated":true}]}}