{"id":980,"date":"2026-02-10T22:25:15","date_gmt":"2026-02-10T22:25:15","guid":{"rendered":"https:\/\/eskigazeteci.com\/?p=980"},"modified":"2026-02-10T22:25:15","modified_gmt":"2026-02-10T22:25:15","slug":"kabine-degisikligi-resmi-gazetesi-karar","status":"publish","type":"post","link":"https:\/\/eskigazeteci.com\/?p=980","title":{"rendered":"Kabine De\u011fi\u015fikli\u011fi Resmi Gazetesi Karar"},"content":{"rendered":"<p>Resmi Gazete&#x27;nde yay\u0131mlanan atama karar\u0131 ile g\u00f6revden aff\u0131n\u0131 isteyen ve af talebi kabul edilen bakanlar\u0131n yeni isimler getirildi. Y\u0131lmaz Tun\u00e7&#x27;tan bo\u015falnanan Adalet Bakanl\u0131\u011f\u0131na \u0130stanbul Cumhuriyet Ba\u015fsavc\u0131s\u0131 Ak\u0131n G\u00fcrlek, Ali Yerlikaya&#x27;dan bo\u015falan \u0130\u00e7i\u015fleri Bakanl\u0131\u011f\u0131na Erzurum Valisi Mustafa \u00c7ift\u00e7i atand\u0131.<\/p>\n","protected":false},"excerpt":{"rendered":"<p>Yeni Kabine de\u011fi\u015fikli\u011fi Resmi Gazete&#8217;nin 11 \u015eubat 2026 tarihli say\u0131s\u0131nda yer ald\u0131.<\/p>\n","protected":false},"author":2,"featured_media":979,"comment_status":"open","ping_status":"open","sticky":false,"template":"","format":"standard","meta":{"footnotes":""},"categories":[8,6,5],"tags":[],"class_list":["post-980","post","type-post","status-publish","format-standard","has-post-thumbnail","hentry","category-arsiv","category-gundem","category-son-dakika"],"_links":{"self":[{"href":"https:\/\/eskigazeteci.com\/index.php?rest_route=\/wp\/v2\/posts\/980","targetHints":{"allow":["GET"]}}],"collection":[{"href":"https:\/\/eskigazeteci.com\/index.php?rest_route=\/wp\/v2\/posts"}],"about":[{"href":"https:\/\/eskigazeteci.com\/index.php?rest_route=\/wp\/v2\/types\/post"}],"author":[{"embeddable":true,"href":"https:\/\/eskigazeteci.com\/index.php?rest_route=\/wp\/v2\/users\/2"}],"replies":[{"embeddable":true,"href":"https:\/\/eskigazeteci.com\/index.php?rest_route=%2Fwp%2Fv2%2Fcomments&post=980"}],"version-history":[{"count":0,"href":"https:\/\/eskigazeteci.com\/index.php?rest_route=\/wp\/v2\/posts\/980\/revisions"}],"wp:featuredmedia":[{"embeddable":true,"href":"https:\/\/eskigazeteci.com\/index.php?rest_route=\/wp\/v2\/media\/979"}],"wp:attachment":[{"href":"https:\/\/eskigazeteci.com\/index.php?rest_route=%2Fwp%2Fv2%2Fmedia&parent=980"}],"wp:term":[{"taxonomy":"category","embeddable":true,"href":"https:\/\/eskigazeteci.com\/index.php?rest_route=%2Fwp%2Fv2%2Fcategories&post=980"},{"taxonomy":"post_tag","embeddable":true,"href":"https:\/\/eskigazeteci.com\/index.php?rest_route=%2Fwp%2Fv2%2Ftags&post=980"}],"curies":[{"name":"wp","href":"https:\/\/api.w.org\/{rel}","templated":true}]}}