{"id":98,"date":"2026-02-09T09:23:27","date_gmt":"2026-02-09T09:23:27","guid":{"rendered":"https:\/\/eskigazeteci.com\/?p=98"},"modified":"2026-02-09T09:23:27","modified_gmt":"2026-02-09T09:23:27","slug":"haber-24","status":"publish","type":"post","link":"https:\/\/eskigazeteci.com\/?p=98","title":{"rendered":"Haber"},"content":{"rendered":"<p>Mahkemede de ifade veren Korkmaz, \u2018 halk\u0131 kin ve d\u00fc\u015fmanl\u0131\u011fa tahrik \u2019 su\u00e7undan tutuklanarak cezaevine konuldu.<\/p>\n<p>Adalet Bakan\u0131 Y\u0131lmaz Tun\u00e7, soru\u015fturmaya ili\u015fkin yapt\u0131\u011f\u0131 a\u00e7\u0131klamada, \u201cBir kad\u0131n\u0131 k\u0131l\u0131k k\u0131yafeti, inanc\u0131 ve ya\u015fam tarz\u0131 \u00fczerinden hedef alan; onurunu ve ki\u015fili\u011fini a\u015fa\u011f\u0131lamaya y\u00f6nelik bu \u00e7irkin ve ayr\u0131mc\u0131 ifadeler asla kabul edilemez. Se\u00e7ilmi\u015f bir kamu g\u00f6revlisine ve milli iradeye y\u00f6nelen bu nefret dili, hukuk ve vicdan \u00f6n\u00fcnde mutlaka kar\u015f\u0131l\u0131\u011f\u0131n\u0131 bulacakt\u0131r\u201d dedi.<\/p>\n<p>Aile ve Sosyal Hizmetler Bakan\u0131 Mahinur \u00d6zdemir G\u00f6kta\u015f da \u201cHukuki s\u00fcrece m\u00fcdahil olaca\u011f\u0131z\u201d mesaj\u0131n\u0131 payla\u015ft\u0131.<\/p>\n<p>Zeynep G\u00fcne\u015f Akg\u00fcn\u2019\u00fcn bu foto\u011fraf\u0131n\u0131 al\u0131nt\u0131lay\u0131p k\u0131yafetine y\u00f6nelik hakaretlerde bulunan Mehmet Emin Korkmaz tutukland\u0131.<\/p>\n<p>\u0130Y\u0130 PART\u0130: KES\u0130N \u0130HRA\u00c7LA D\u0130S\u0130PL\u0130NE SEVK ED\u0130LD\u0130<\/p>\n<p>\u0130Y\u0130 Parti Genel Ba\u015fkan\u0131 M\u00fcsavat Dervi\u015fo\u011flu, sosyal medya hesab\u0131ndan yapt\u0131\u011f\u0131 a\u00e7\u0131klamayla hakareti sert bir dille k\u0131nayarak Zeynep G\u00fcne\u015f Akg\u00fcn \u2019\u00fc makam\u0131nda ziyaret edece\u011fini s\u00f6yledi. Dervi\u015fo\u011flu \u201cMihalgazi Belediye Ba\u015fkan\u0131 Say\u0131n Zeynep G\u00fcne\u015f Han\u0131mefendi ile telefonda g\u00f6r\u00fc\u015ft\u00fck. Maruz kald\u0131\u011f\u0131 edepsizli\u011fin, kutsallar\u0131m\u0131za y\u00f6neltilmi\u015f a\u015fa\u011f\u0131l\u0131k bir tav\u0131r oldu\u011fu konusundaki kanaatimi ifade ettim. Per\u015fembe g\u00fcn\u00fc kendisini Mihalgazi Belediye Ba\u015fkanl\u0131\u011f\u0131\u2019ndaki makam\u0131nda ziyaret edece\u011fim. T\u00fcrk kad\u0131n\u0131n\u0131n g\u00fcc\u00fc d\u00fcnyay\u0131 y\u00f6netmeye yeter; nas\u0131l y\u00f6netece\u011fine ise kendisi karar verir. \u0130Y\u0130 Parti\u2019nin tart\u0131\u015fmas\u0131z duru\u015fu budur\u201d dedi.<\/p>\n<p>\u0130Y\u0130 Parti Genel Sekreteri Osman Ert\u00fcrk \u00d6zel de, G\u00fcne\u015f\u2019e hakaret eden \u0130Y\u0130 Parti \u00fcyesiyle ilgili \u201cSe\u00e7me ve se\u00e7ilme hakk\u0131na b\u00fcy\u00fck bir Cumhuriyet kazan\u0131m\u0131 olarak Atat\u00fcrk \u2019le birlikte kavu\u015fan T\u00fcrk kad\u0131n\u0131, hangi k\u0131yafeti tercih ederse etsin isterse d\u00fcnyay\u0131 y\u00f6netebilir. G\u00f6r\u00fc\u015f\u00fcm\u00fcz ve duru\u015fumuz budur. Bu hadsiz ifadeleri kullanan \u015fah\u0131s tedbirli olarak kesin ihra\u00e7 talebiyle disiplin kuruluna sevk edilmi\u015ftir\u201d dedi.<\/p>\n<p>T\u00fcrkiye g\u00fcndeminden son dakika haberleri, bug\u00fcn ya\u015fanan en son geli\u015fmeler, siyaset g\u00fcndeminden g\u00fcncel haberler ve b\u00fct\u00fcn son dakika haberleri i\u00e7in H\u00fcrriyet&#x27;in internet haber sitesi hurriyet.com.tr; Hurriyet.com.tr haber i\u00e7erikleri kaynak g\u00f6sterilmeden al\u0131nt\u0131 yap\u0131lamaz, Kanuna ayk\u0131r\u0131 ve izinsiz olarak kopyalanamaz, ba\u015fka yerde yay\u0131nlanamaz.<\/p>\n","protected":false},"excerpt":{"rendered":"<p>ESK\u0130\u015eEH\u0130R\u2019in Mihalgazi Belediye Ba\u015fkan\u0131 Zeynep G\u00fcne\u015f Akg\u00fcn\u2019\u00fcn k\u0131yafetine y\u00f6nelik payla\u015f\u0131m\u0131 nedeniyle g\u00f6zalt\u0131na al\u0131nan Mehmet Emin Korkmaz, savc\u0131l\u0131k&#8230;<\/p>\n","protected":false},"author":2,"featured_media":97,"comment_status":"open","ping_status":"open","sticky":false,"template":"","format":"standard","meta":{"footnotes":""},"categories":[8,3],"tags":[],"class_list":["post-98","post","type-post","status-publish","format-standard","has-post-thumbnail","hentry","category-arsiv","category-siyaset"],"_links":{"self":[{"href":"https:\/\/eskigazeteci.com\/index.php?rest_route=\/wp\/v2\/posts\/98","targetHints":{"allow":["GET"]}}],"collection":[{"href":"https:\/\/eskigazeteci.com\/index.php?rest_route=\/wp\/v2\/posts"}],"about":[{"href":"https:\/\/eskigazeteci.com\/index.php?rest_route=\/wp\/v2\/types\/post"}],"author":[{"embeddable":true,"href":"https:\/\/eskigazeteci.com\/index.php?rest_route=\/wp\/v2\/users\/2"}],"replies":[{"embeddable":true,"href":"https:\/\/eskigazeteci.com\/index.php?rest_route=%2Fwp%2Fv2%2Fcomments&post=98"}],"version-history":[{"count":0,"href":"https:\/\/eskigazeteci.com\/index.php?rest_route=\/wp\/v2\/posts\/98\/revisions"}],"wp:featuredmedia":[{"embeddable":true,"href":"https:\/\/eskigazeteci.com\/index.php?rest_route=\/wp\/v2\/media\/97"}],"wp:attachment":[{"href":"https:\/\/eskigazeteci.com\/index.php?rest_route=%2Fwp%2Fv2%2Fmedia&parent=98"}],"wp:term":[{"taxonomy":"category","embeddable":true,"href":"https:\/\/eskigazeteci.com\/index.php?rest_route=%2Fwp%2Fv2%2Fcategories&post=98"},{"taxonomy":"post_tag","embeddable":true,"href":"https:\/\/eskigazeteci.com\/index.php?rest_route=%2Fwp%2Fv2%2Ftags&post=98"}],"curies":[{"name":"wp","href":"https:\/\/api.w.org\/{rel}","templated":true}]}}