{"id":976,"date":"2026-02-10T21:35:30","date_gmt":"2026-02-10T21:35:30","guid":{"rendered":"https:\/\/eskigazeteci.com\/?p=976"},"modified":"2026-02-10T21:35:30","modified_gmt":"2026-02-10T21:35:30","slug":"mustafa-ciftci-kimdir-yeni-icisleri-bakani-mustafa-ciftci-kac-yasinda-nereli-iste-mustafa-ciftcinin-biyografisi-ve-hayati","status":"publish","type":"post","link":"https:\/\/eskigazeteci.com\/?p=976","title":{"rendered":"MUSTAFA \u00c7\u0130FT\u00c7\u0130 K\u0130MD\u0130R? Yeni \u0130\u00e7i\u015fleri Bakan\u0131 Mustafa \u00c7ift\u00e7i ka\u00e7 ya\u015f\u0131nda, nereli? \u0130\u015fte Mustafa \u00c7ift\u00e7i&#8217;nin biyografisi ve hayat\u0131!"},"content":{"rendered":"<p>Mustafa \u00c7ift\u00e7i, \u0130\u00e7i\u015fleri Bakanl\u0131\u011f\u0131na atanmas\u0131n\u0131n ard\u0131ndan kariyeri ve hayat\u0131 merak edilen isim oldu. Resmi Gazete&#x27;de yay\u0131mlanan karara g\u00f6re Ali Yerlikaya&#x27;dan bo\u015falan \u0130\u00e7i\u015fleri Bakanl\u0131\u011f\u0131na Erzurum Valisi Mustafa \u00c7ift\u00e7i getirildi. Atamalar, Anayasa&#x27;n\u0131n 104. ve 106. maddeleri gere\u011fince yap\u0131ld\u0131. Kariyeri boyunca Aksaray-G\u00fcla\u011fa\u00e7, Erzurum-Tekman, Nev\u015fehir-Derinkuyu, Bitlis-Adilcevaz ve K\u0131r\u015fehir-Kaman \u0130l\u00e7elerinde Kaymakaml\u0131k, \u0130\u00e7i\u015fleri Bakanl\u0131\u011f\u0131 Personel Genel M\u00fcd\u00fcrl\u00fc\u011f\u00fc\u2019nde Daire Ba\u015fkanl\u0131\u011f\u0131 yapan \u00c7ift\u00e7i, TBMM\u2019de \u00d6zel Kalem M\u00fcd\u00fcrl\u00fc\u011f\u00fc ve Ba\u015fkan Ba\u015fm\u00fc\u015favirli\u011fi, 2018-2023 y\u0131llar\u0131 aras\u0131nda ise \u00c7orum Valili\u011fi g\u00f6revlerinde bulundu. \u0130\u015fte, Yeni \u0130\u00e7i\u015fleri Bakan\u0131 Mustafa \u00c7ift\u00e7i biyografisi ve hayat\u0131.<\/p>\n<p>1970 y\u0131l\u0131nda Konya&#x27;n\u0131n \u00c7umra \u0130l\u00e7esinde do\u011fdu. 1990 y\u0131l\u0131nda Konya \u0130HL\u2019den mezun oldu. 1995 y\u0131l\u0131nda Ankara \u00dcniversitesi Siyasal Bilgiler Fak\u00fcltesi Kamu Y\u00f6netimi B\u00f6l\u00fcm\u00fcn\u00fc bitirdi. 1996 y\u0131l\u0131nda \u0130\u00e7i\u015fleri Bakanl\u0131\u011f\u0131n\u0131n a\u00e7m\u0131\u015f oldu\u011fu Kaymakam Adayl\u0131\u011f\u0131 s\u0131nav\u0131n\u0131 kazanarak 85. D\u00f6nem Konya Kaymakam Aday\u0131 olarak meslek hayat\u0131na ba\u015flad\u0131. 1998 y\u0131l\u0131nda 8 ay s\u00fcreyle \u0130ngiltere&#x27;ye gitti. 1999 y\u0131l\u0131nda Milli G\u00fcvenlik Akademisinden mezun oldu. Aksaray-G\u00fcla\u011fa\u00e7, Erzurum-Tekman, Nev\u015fehir-Derinkuyu, Bitlis-Adilcevaz ve&#8230;<\/p>\n","protected":false},"excerpt":{"rendered":"<p>Yeni \u0130\u00e7i\u015fleri Bakan\u0131 Mustafa \u00c7ift\u00e7i kimdir? atama karar\u0131 ile g\u00fcndeme geldi. Resmi Gazete&#8217;de yay\u0131mlanan Cumhurba\u015fkan\u0131 kararlar\u0131yla \u0130\u00e7i\u015fleri Bakanl\u0131\u011f\u0131na&#8230;<\/p>\n","protected":false},"author":2,"featured_media":975,"comment_status":"open","ping_status":"open","sticky":false,"template":"","format":"standard","meta":{"footnotes":""},"categories":[8,6,5],"tags":[],"class_list":["post-976","post","type-post","status-publish","format-standard","has-post-thumbnail","hentry","category-arsiv","category-gundem","category-son-dakika"],"_links":{"self":[{"href":"https:\/\/eskigazeteci.com\/index.php?rest_route=\/wp\/v2\/posts\/976","targetHints":{"allow":["GET"]}}],"collection":[{"href":"https:\/\/eskigazeteci.com\/index.php?rest_route=\/wp\/v2\/posts"}],"about":[{"href":"https:\/\/eskigazeteci.com\/index.php?rest_route=\/wp\/v2\/types\/post"}],"author":[{"embeddable":true,"href":"https:\/\/eskigazeteci.com\/index.php?rest_route=\/wp\/v2\/users\/2"}],"replies":[{"embeddable":true,"href":"https:\/\/eskigazeteci.com\/index.php?rest_route=%2Fwp%2Fv2%2Fcomments&post=976"}],"version-history":[{"count":0,"href":"https:\/\/eskigazeteci.com\/index.php?rest_route=\/wp\/v2\/posts\/976\/revisions"}],"wp:featuredmedia":[{"embeddable":true,"href":"https:\/\/eskigazeteci.com\/index.php?rest_route=\/wp\/v2\/media\/975"}],"wp:attachment":[{"href":"https:\/\/eskigazeteci.com\/index.php?rest_route=%2Fwp%2Fv2%2Fmedia&parent=976"}],"wp:term":[{"taxonomy":"category","embeddable":true,"href":"https:\/\/eskigazeteci.com\/index.php?rest_route=%2Fwp%2Fv2%2Fcategories&post=976"},{"taxonomy":"post_tag","embeddable":true,"href":"https:\/\/eskigazeteci.com\/index.php?rest_route=%2Fwp%2Fv2%2Ftags&post=976"}],"curies":[{"name":"wp","href":"https:\/\/api.w.org\/{rel}","templated":true}]}}