{"id":974,"date":"2026-02-10T21:26:46","date_gmt":"2026-02-10T21:26:46","guid":{"rendered":"https:\/\/eskigazeteci.com\/?p=974"},"modified":"2026-02-10T21:26:46","modified_gmt":"2026-02-10T21:26:46","slug":"mustafa-ciftci-kimdir-nereli-kac-yasinda-erzurum-valisi-mustafa-ciftci-biyografi-bilgileri","status":"publish","type":"post","link":"https:\/\/eskigazeteci.com\/?p=974","title":{"rendered":"Mustafa \u00c7ift\u00e7i kimdir, nereli, ka\u00e7 ya\u015f\u0131nda? Erzurum Valisi Mustafa \u00c7ift\u00e7i biyografi bilgileri"},"content":{"rendered":"<p>Mustafa \u00c7ift\u00e7i, 1970 y\u0131l\u0131nda Konya&#x27;n\u0131n \u00c7umra \u0130l\u00e7esinde do\u011fdu. 1990 y\u0131l\u0131nda Konya \u0130HL\u2019den mezun oldu.<\/p>\n<p>1995 y\u0131l\u0131nda Ankara \u00dcniversitesi Siyasal Bilgiler Fak\u00fcltesi Kamu Y\u00f6netimi B\u00f6l\u00fcm\u00fcn\u00fc bitirdi. 1996 y\u0131l\u0131nda \u0130\u00e7i\u015fleri Bakanl\u0131\u011f\u0131n\u0131n a\u00e7m\u0131\u015f oldu\u011fu Kaymakam Adayl\u0131\u011f\u0131 s\u0131nav\u0131n\u0131 kazanarak 85. D\u00f6nem Konya Kaymakam Aday\u0131 olarak meslek hayat\u0131na ba\u015flad\u0131.<\/p>\n<p>1998 y\u0131l\u0131nda 8 ay s\u00fcreyle \u0130ngiltere&#x27;ye gitti. 1999 y\u0131l\u0131nda Milli G\u00fcvenlik Akademisinden mezun oldu. Aksaray-G\u00fcla\u011fa\u00e7, Erzurum-Tekman, Nev\u015fehir-Derinkuyu, Bitlis-Adilcevaz ve K\u0131r\u015fehir-Kaman \u0130l\u00e7elerinde Kaymakaml\u0131k, \u0130\u00e7i\u015fleri Bakanl\u0131\u011f\u0131 Personel Genel M\u00fcd\u00fcrl\u00fc\u011f\u00fc\u2019nde Daire Ba\u015fkanl\u0131\u011f\u0131 yapt\u0131. TBMM\u2019de \u00d6zel Kalem M\u00fcd\u00fcrl\u00fc\u011f\u00fc ve Ba\u015fkan Ba\u015fm\u00fc\u015favirli\u011fi g\u00f6revlerinde bulundu.<\/p>\n<p>2007 Y\u0131l\u0131nda Sel\u00e7uk \u00dcniversitesi Sosyal Bilimler Enstit\u00fcs\u00fc Kamu Y\u00f6netimi ve Siyaset Bilimi B\u00f6l\u00fcm\u00fcnde Y\u00fcksek Lisans \u00e7al\u0131\u015fmas\u0131n\u0131 tamamlad\u0131, 2011 y\u0131l\u0131nda da Ankara \u00dcniversitesi \u0130lahiyat Fak\u00fcltesini bitirdi.<\/p>\n<p>2012 y\u0131l\u0131nda Van Y\u00fcz\u00fcnc\u00fc Y\u0131l \u00dcniversitesi SBE Kamu Y\u00f6netimi Ana Bilim Dal\u0131nda ba\u015fka bir y\u00fcksek lisans \u00e7al\u0131\u015fmas\u0131n\u0131 tamamlayan Mustafa \u00c7\u0130FT\u00c7\u0130 , A.\u00dc. Adalet B\u00f6l\u00fcm\u00fcn\u00fc, \u0130ktisat Fak\u00fcltesini ve Uluslararas\u0131 \u0130li\u015fkiler B\u00f6l\u00fcm\u00fcn\u00fc bitirdi. Halen Ankara \u00dcniversitesi Hukuk Fak\u00fcltesi\u2019nde \u00f6\u011frenim&#8230;<\/p>\n","protected":false},"excerpt":{"rendered":"<p>Mustafa \u00c7ift\u00e7i, Erzurum Valisi olarak atanmas\u0131n\u0131n ard\u0131ndan kariyeri ve hayat\u0131 merak edilen isim oldu. \u00c7orum Valisi olarak g\u00f6rev yapan Mustafa \u00c7ift\u00e7i, 10&#8230;<\/p>\n","protected":false},"author":2,"featured_media":973,"comment_status":"open","ping_status":"open","sticky":false,"template":"","format":"standard","meta":{"footnotes":""},"categories":[8,6,5],"tags":[],"class_list":["post-974","post","type-post","status-publish","format-standard","has-post-thumbnail","hentry","category-arsiv","category-gundem","category-son-dakika"],"_links":{"self":[{"href":"https:\/\/eskigazeteci.com\/index.php?rest_route=\/wp\/v2\/posts\/974","targetHints":{"allow":["GET"]}}],"collection":[{"href":"https:\/\/eskigazeteci.com\/index.php?rest_route=\/wp\/v2\/posts"}],"about":[{"href":"https:\/\/eskigazeteci.com\/index.php?rest_route=\/wp\/v2\/types\/post"}],"author":[{"embeddable":true,"href":"https:\/\/eskigazeteci.com\/index.php?rest_route=\/wp\/v2\/users\/2"}],"replies":[{"embeddable":true,"href":"https:\/\/eskigazeteci.com\/index.php?rest_route=%2Fwp%2Fv2%2Fcomments&post=974"}],"version-history":[{"count":0,"href":"https:\/\/eskigazeteci.com\/index.php?rest_route=\/wp\/v2\/posts\/974\/revisions"}],"wp:featuredmedia":[{"embeddable":true,"href":"https:\/\/eskigazeteci.com\/index.php?rest_route=\/wp\/v2\/media\/973"}],"wp:attachment":[{"href":"https:\/\/eskigazeteci.com\/index.php?rest_route=%2Fwp%2Fv2%2Fmedia&parent=974"}],"wp:term":[{"taxonomy":"category","embeddable":true,"href":"https:\/\/eskigazeteci.com\/index.php?rest_route=%2Fwp%2Fv2%2Fcategories&post=974"},{"taxonomy":"post_tag","embeddable":true,"href":"https:\/\/eskigazeteci.com\/index.php?rest_route=%2Fwp%2Fv2%2Ftags&post=974"}],"curies":[{"name":"wp","href":"https:\/\/api.w.org\/{rel}","templated":true}]}}