{"id":972,"date":"2026-02-10T21:25:15","date_gmt":"2026-02-10T21:25:15","guid":{"rendered":"https:\/\/eskigazeteci.com\/?p=972"},"modified":"2026-02-10T21:25:15","modified_gmt":"2026-02-10T21:25:15","slug":"adalet-bakanligine-atandigi-akin-gurlek","status":"publish","type":"post","link":"https:\/\/eskigazeteci.com\/?p=972","title":{"rendered":"Adalet Bakanl\u0131\u011f\u0131ne Atand\u0131\u011f\u0131 Ak\u0131n G\u00fcrlek"},"content":{"rendered":"<p>G\u00fcrlek, \u0130stanbul Cumhuriyet Ba\u015fsavc\u0131s\u0131 olarak g\u00f6rev yap\u0131yor. 8 Ekim 2024&#x27;ten beri \u0130stanbul Cumhuriyet Ba\u015fsavc\u0131s\u0131 olarak g\u00f6rev yap\u0131yor. G\u00fcrlek, H\u00e2kimler ve Savc\u0131lar Kurulu taraf\u0131ndan 2 Ekim 2024&#x27;te \u0130stanbul Cumhuriyet Ba\u015fsavc\u0131s\u0131 olarak atand\u0131. G\u00fcrlek, T\u00fcrkiye&#x27;den ve D\u00fcnya\u2019dan son dakika haberleri, k\u00f6\u015fe yaz\u0131lar\u0131, magazinden&#8230;<\/p>\n","protected":false},"excerpt":{"rendered":"<p>G\u00fcrlek, Adalet Bakanl\u0131\u011f\u0131na atand\u0131.<\/p>\n","protected":false},"author":2,"featured_media":971,"comment_status":"open","ping_status":"open","sticky":false,"template":"","format":"standard","meta":{"footnotes":""},"categories":[8,6,5],"tags":[],"class_list":["post-972","post","type-post","status-publish","format-standard","has-post-thumbnail","hentry","category-arsiv","category-gundem","category-son-dakika"],"_links":{"self":[{"href":"https:\/\/eskigazeteci.com\/index.php?rest_route=\/wp\/v2\/posts\/972","targetHints":{"allow":["GET"]}}],"collection":[{"href":"https:\/\/eskigazeteci.com\/index.php?rest_route=\/wp\/v2\/posts"}],"about":[{"href":"https:\/\/eskigazeteci.com\/index.php?rest_route=\/wp\/v2\/types\/post"}],"author":[{"embeddable":true,"href":"https:\/\/eskigazeteci.com\/index.php?rest_route=\/wp\/v2\/users\/2"}],"replies":[{"embeddable":true,"href":"https:\/\/eskigazeteci.com\/index.php?rest_route=%2Fwp%2Fv2%2Fcomments&post=972"}],"version-history":[{"count":0,"href":"https:\/\/eskigazeteci.com\/index.php?rest_route=\/wp\/v2\/posts\/972\/revisions"}],"wp:featuredmedia":[{"embeddable":true,"href":"https:\/\/eskigazeteci.com\/index.php?rest_route=\/wp\/v2\/media\/971"}],"wp:attachment":[{"href":"https:\/\/eskigazeteci.com\/index.php?rest_route=%2Fwp%2Fv2%2Fmedia&parent=972"}],"wp:term":[{"taxonomy":"category","embeddable":true,"href":"https:\/\/eskigazeteci.com\/index.php?rest_route=%2Fwp%2Fv2%2Fcategories&post=972"},{"taxonomy":"post_tag","embeddable":true,"href":"https:\/\/eskigazeteci.com\/index.php?rest_route=%2Fwp%2Fv2%2Ftags&post=972"}],"curies":[{"name":"wp","href":"https:\/\/api.w.org\/{rel}","templated":true}]}}