{"id":970,"date":"2026-02-10T21:15:21","date_gmt":"2026-02-10T21:15:21","guid":{"rendered":"https:\/\/eskigazeteci.com\/?p=970"},"modified":"2026-02-10T21:15:21","modified_gmt":"2026-02-10T21:15:21","slug":"son-dakikada-icisleri-bakani-ve-adalet-bakani-silinen-gelecekteki-baska-bir-sekilde-calismak","status":"publish","type":"post","link":"https:\/\/eskigazeteci.com\/?p=970","title":{"rendered":"Son Dakikada \u0130\u00e7i\u015fleri Bakan\u0131 ve Adalet Bakan\u0131 Silinen Gelecekteki Ba\u015fka Bir \u015eekilde \u00c7al\u0131\u015fmak"},"content":{"rendered":"<p>Resmi Gazete&#x27;de yer alan atama kararlar\u0131na g\u00f6re, g\u00f6revden aff\u0131n\u0131 isteyen \u0130\u00e7i\u015fleri Bakan\u0131 Ali Yerlikaya yerine Mustafa \u00c7ift\u00e7i, Adalet Bakanl\u0131\u011f\u0131na \u0130stanbul Valili\u011fi Y\u0131lmaz Tun\u00e7&#x27;si ile Atama Kararlar\u0131na \u00dcyelenen \u0130stifadecilere Ba\u015fvuru Yapt\u0131. Gelecekteki \u015eekilde \u00c7al\u0131\u015fmak \u0130steyen \u0130stifadecilere Ba\u015fvurular\u0131n Eri\u015filebilirlik Program\u0131, Gelecekteki \u015eekilde \u00c7al\u0131\u015fmaya Devam Edecek \u0130stifadeci \u0130simlerini \u00d6neri eder.<\/p>\n","protected":false},"excerpt":{"rendered":"<p>Son Dakika Haberi&#8230; Cumhurba\u015fkan\u0131 Kararlar\u0131yla \u0130\u00e7i\u015fleri Bakanl\u0131\u011f\u0131na Erzurum Valisi Mustafa \u00c7ift\u00e7i, Adalet Bakanl\u0131\u011f\u0131na \u0130stanbul Valili\u011fi Y\u0131lmaz Tun\u00e7&#8217;si ile Atama Kararlar\u0131na \u00dcyelenen Ali Yerlikaya ve Ak\u0131n G\u00fcrlek&#8217;e Gelecekteki \u015eekilde \u00c7al\u0131\u015fmak \u0130steyen \u0130stifadecilere Ba\u015fvuru Yapt\u0131<\/p>\n","protected":false},"author":2,"featured_media":969,"comment_status":"open","ping_status":"open","sticky":false,"template":"","format":"standard","meta":{"footnotes":""},"categories":[8,6,5],"tags":[],"class_list":["post-970","post","type-post","status-publish","format-standard","has-post-thumbnail","hentry","category-arsiv","category-gundem","category-son-dakika"],"_links":{"self":[{"href":"https:\/\/eskigazeteci.com\/index.php?rest_route=\/wp\/v2\/posts\/970","targetHints":{"allow":["GET"]}}],"collection":[{"href":"https:\/\/eskigazeteci.com\/index.php?rest_route=\/wp\/v2\/posts"}],"about":[{"href":"https:\/\/eskigazeteci.com\/index.php?rest_route=\/wp\/v2\/types\/post"}],"author":[{"embeddable":true,"href":"https:\/\/eskigazeteci.com\/index.php?rest_route=\/wp\/v2\/users\/2"}],"replies":[{"embeddable":true,"href":"https:\/\/eskigazeteci.com\/index.php?rest_route=%2Fwp%2Fv2%2Fcomments&post=970"}],"version-history":[{"count":0,"href":"https:\/\/eskigazeteci.com\/index.php?rest_route=\/wp\/v2\/posts\/970\/revisions"}],"wp:featuredmedia":[{"embeddable":true,"href":"https:\/\/eskigazeteci.com\/index.php?rest_route=\/wp\/v2\/media\/969"}],"wp:attachment":[{"href":"https:\/\/eskigazeteci.com\/index.php?rest_route=%2Fwp%2Fv2%2Fmedia&parent=970"}],"wp:term":[{"taxonomy":"category","embeddable":true,"href":"https:\/\/eskigazeteci.com\/index.php?rest_route=%2Fwp%2Fv2%2Fcategories&post=970"},{"taxonomy":"post_tag","embeddable":true,"href":"https:\/\/eskigazeteci.com\/index.php?rest_route=%2Fwp%2Fv2%2Ftags&post=970"}],"curies":[{"name":"wp","href":"https:\/\/api.w.org\/{rel}","templated":true}]}}