{"id":966,"date":"2026-02-10T20:55:25","date_gmt":"2026-02-10T20:55:25","guid":{"rendered":"https:\/\/eskigazeteci.com\/?p=966"},"modified":"2026-02-10T20:55:25","modified_gmt":"2026-02-10T20:55:25","slug":"victor-osimhen-galatasarayin-yeni-krali-olmak-istiyor-hedef-icardinin-rekoru","status":"publish","type":"post","link":"https:\/\/eskigazeteci.com\/?p=966","title":{"rendered":"Victor Osimhen, Galatasaray&#8217;\u0131n yeni kral\u0131 olmak istiyor! Hedef Icardi&#8217;nin rekoru"},"content":{"rendered":"<p>Galatasaray &#x27;\u0131n Nijeryal\u0131 futbolcusu Victor Osimhen , hafta sonu \u00c7aykur Rizespor&#x27;a kar\u015f\u0131 al\u0131nan galibiyette bir kez daha etkisi g\u00f6sterdi. Sar\u0131-k\u0131rm\u0131z\u0131l\u0131lar\u0131n 3-0 kazand\u0131\u011f\u0131 m\u00fccadelede tak\u0131m\u0131n\u0131n \u00fc\u00e7\u00fcnc\u00fc gol\u00fcn\u00fc kaydeden Nijeryal\u0131 forvet, ligdeki gol say\u0131s\u0131n\u0131 9\u2019a y\u00fckselterek Afrika Kupas\u0131 d\u00f6n\u00fc\u015f\u00fc seriye ba\u011flad\u0131.<\/p>\n<p>AFR\u0130KA KUPASI&#x27;NDAN GOLLERLE D\u00d6ND\u00dc<\/p>\n<p>Afrika Kupas\u0131&#x27;nda Nijerya i\u00e7in m\u00fccadele etmesinin ard\u0131ndan tak\u0131ma geri d\u00f6nen Osimhen, ligde \u00e7\u0131kt\u0131\u011f\u0131 3 ma\u00e7ta da gol sevinci ya\u015fad\u0131 ve 1 de asist yapt\u0131.<\/p>\n<p>Ge\u00e7ti\u011fimiz sezonu gol kral\u0131 olarak tamamlayan Osimhen, bu sezon da ligde \u00e7\u0131kt\u0131\u011f\u0131 son 5 kar\u015f\u0131la\u015fmada 6 gol at\u0131p 1 asist yaparak skor katk\u0131s\u0131n\u0131 \u00fcst seviyeye ta\u015f\u0131d\u0131.<\/p>\n<p>62 MA\u00c7TA 61 GOL KATKISI<\/p>\n<p>Galatasaray kariyerinde \u015fu ana kadar 62 ma\u00e7ta forma giyen Osimhen, bu s\u00fcre\u00e7te 52 gol ve 9 asist \u00fcreterek toplamda 61 gole do\u011frudan katk\u0131 sa\u011flad\u0131.<\/p>\n<p>Y\u0131ld\u0131z isim, tak\u0131m\u0131n h\u00fccum hatt\u0131nda tehdit olu\u015fturmaya da devam ediyor.<\/p>\n<p>ICARDI \u0130LE GOL Y\u00dcK\u00dcN\u00dc \u00c7EK\u0130YOR<\/p>\n<p>Bu sezon t\u00fcm kulvarlarda 15 kez rakip fileleri havaland\u0131ran Osimhen, 14 gol\u00fc bulunan Mauro Icardi ile birlikte sar\u0131-k\u0131rm\u0131z\u0131l\u0131lar\u0131n skor y\u00fck\u00fcn\u00fc payla\u015fan iki ana isimden biri konumunda.<\/p>\n<p>G\u00d6Z\u00dcN\u00dc ICARDI&#x27;N\u0130N REKORUNA D\u0130KT\u0130<\/p>\n<p>Rizespor kar\u015f\u0131s\u0131nda att\u0131\u011f\u0131 golle&#8230;<\/p>\n","protected":false},"excerpt":{"rendered":"<p>Galatasaray\u2019\u0131n Nijeryal\u0131 golc\u00fcs\u00fc Victor Osimhen, hem ligde hem de Avrupa&#8217;da att\u0131\u011f\u0131 gollerle sar\u0131-k\u0131rm\u0131zl\u0131lar\u0131n gol y\u00fck\u00fcn\u00fc \u00e7ekerken, kul\u00fcp tarihindeki yerini&#8230;<\/p>\n","protected":false},"author":2,"featured_media":965,"comment_status":"open","ping_status":"open","sticky":false,"template":"","format":"standard","meta":{"footnotes":""},"categories":[8,5,7],"tags":[],"class_list":["post-966","post","type-post","status-publish","format-standard","has-post-thumbnail","hentry","category-arsiv","category-son-dakika","category-spor"],"_links":{"self":[{"href":"https:\/\/eskigazeteci.com\/index.php?rest_route=\/wp\/v2\/posts\/966","targetHints":{"allow":["GET"]}}],"collection":[{"href":"https:\/\/eskigazeteci.com\/index.php?rest_route=\/wp\/v2\/posts"}],"about":[{"href":"https:\/\/eskigazeteci.com\/index.php?rest_route=\/wp\/v2\/types\/post"}],"author":[{"embeddable":true,"href":"https:\/\/eskigazeteci.com\/index.php?rest_route=\/wp\/v2\/users\/2"}],"replies":[{"embeddable":true,"href":"https:\/\/eskigazeteci.com\/index.php?rest_route=%2Fwp%2Fv2%2Fcomments&post=966"}],"version-history":[{"count":0,"href":"https:\/\/eskigazeteci.com\/index.php?rest_route=\/wp\/v2\/posts\/966\/revisions"}],"wp:featuredmedia":[{"embeddable":true,"href":"https:\/\/eskigazeteci.com\/index.php?rest_route=\/wp\/v2\/media\/965"}],"wp:attachment":[{"href":"https:\/\/eskigazeteci.com\/index.php?rest_route=%2Fwp%2Fv2%2Fmedia&parent=966"}],"wp:term":[{"taxonomy":"category","embeddable":true,"href":"https:\/\/eskigazeteci.com\/index.php?rest_route=%2Fwp%2Fv2%2Fcategories&post=966"},{"taxonomy":"post_tag","embeddable":true,"href":"https:\/\/eskigazeteci.com\/index.php?rest_route=%2Fwp%2Fv2%2Ftags&post=966"}],"curies":[{"name":"wp","href":"https:\/\/api.w.org\/{rel}","templated":true}]}}