{"id":960,"date":"2026-02-10T19:45:22","date_gmt":"2026-02-10T19:45:22","guid":{"rendered":"https:\/\/eskigazeteci.com\/?p=960"},"modified":"2026-02-10T19:45:22","modified_gmt":"2026-02-10T19:45:22","slug":"yarin-okullar-tatil-mi-11-subat-2026-carsamba-son-dakika","status":"publish","type":"post","link":"https:\/\/eskigazeteci.com\/?p=960","title":{"rendered":"YARIN OKULLAR TAT\u0130L M\u0130 11 \u015eUBAT 2026 \u00c7AR\u015eAMBA SON DAK\u0130KA"},"content":{"rendered":"<p>A\u011fr\u0131, Van, Mu\u015f, Artvin, Erzurum&#x27;da kullar tatil oldu mu, yar\u0131n (11 \u015eubat 2026 \u00c7ar\u015famba) okul var m\u0131? kar ya\u011f\u0131\u015f\u0131 ve sa\u011fanak ya\u011f\u0131\u015f\u0131n T\u00fcrkiye genelinde g\u00f6r\u00fclmesinin ard\u0131ndan g\u00fcndeme geldi. Meteoroloji Genel M\u00fcd\u00fcrl\u00fc\u011f\u00fc&#x27;n\u00fcn uyar\u0131lar\u0131n\u0131n ard\u0131ndan 10 \u015eubat Sal\u0131 g\u00fcn\u00fc Van ve A\u011fr\u0131&#x27;da okullar tatil edildi. Bu illerde yar\u0131n da okullar\u0131n tatil edilmesine y\u00f6nelik beklentiler artt\u0131. \u00d6te yandan Erzurum, Kars, Artvin gibi Do\u011fu Anadolu&#x27;nun baz\u0131 illerinde kar ya\u011f\u0131\u015f\u0131 da etkisini art\u0131rd\u0131. Yap\u0131lan son dakika a\u00e7\u0131klamada, iki ilde 11 \u015eubat \u00c7ar\u015famba g\u00fcn\u00fc e\u011fitim \u00f6\u011fretime ara verildi. \u0130\u015fte, yar\u0131n okullar tatil mi? Yar\u0131n A\u011fr\u0131, Van, Mu\u015f, Artvin, Erzurum&#x27;da okul var m\u0131? sorular\u0131n\u0131n yan\u0131t\u0131na y\u00f6nelik detayl\u0131 bilgiler.<\/p>\n<p>11 \u015eubat 2026 \u00c7ar\u015famba g\u00fcn\u00fc i\u00e7in Van ve A\u011fr\u0131&#x27;dan kar tatili a\u00e7\u0131klamas\u0131 geldi.<\/p>\n<p>A\u011fr\u0131&#x27;da etkili olan yo\u011fun kar nedeniyle il genelindeki k\u00f6y okullar\u0131 ve ta\u015f\u0131mal\u0131 e\u011fitim veren okullarda yar\u0131n e\u011fitime ara verildi. Valilikten yap\u0131lan a\u00e7\u0131klamada, meteorolojik veriler do\u011frultusunda \u00e7ar\u015famba g\u00fcn\u00fc i\u00e7in il genelinde yo\u011fun kar ya\u011f\u0131\u015f\u0131 beklendi\u011fi belirtildi. A\u00e7\u0131klamada, ula\u015f\u0131mda ya\u015fanabilecek aksakl\u0131klar ve buzlanma riski dikkate al\u0131narak il genelindeki k\u00f6y okullar\u0131nda ve ta\u015f\u0131mal\u0131 e\u011fitim veren okullarda yar\u0131n&#8230;<\/p>\n","protected":false},"excerpt":{"rendered":"<p>Yar\u0131n okullar tatil mi 11 \u015eubat 2026 son dakika valilik a\u00e7\u0131klamalar\u0131 kapsam\u0131nda, veliler ve \u00f6\u011frenciler taraf\u0131ndan takip ediliyor. T\u00fcrkiye&#8217;nin Do\u011fu Anadolu&#8230;<\/p>\n","protected":false},"author":2,"featured_media":959,"comment_status":"open","ping_status":"open","sticky":false,"template":"","format":"standard","meta":{"footnotes":""},"categories":[8,6,5],"tags":[],"class_list":["post-960","post","type-post","status-publish","format-standard","has-post-thumbnail","hentry","category-arsiv","category-gundem","category-son-dakika"],"_links":{"self":[{"href":"https:\/\/eskigazeteci.com\/index.php?rest_route=\/wp\/v2\/posts\/960","targetHints":{"allow":["GET"]}}],"collection":[{"href":"https:\/\/eskigazeteci.com\/index.php?rest_route=\/wp\/v2\/posts"}],"about":[{"href":"https:\/\/eskigazeteci.com\/index.php?rest_route=\/wp\/v2\/types\/post"}],"author":[{"embeddable":true,"href":"https:\/\/eskigazeteci.com\/index.php?rest_route=\/wp\/v2\/users\/2"}],"replies":[{"embeddable":true,"href":"https:\/\/eskigazeteci.com\/index.php?rest_route=%2Fwp%2Fv2%2Fcomments&post=960"}],"version-history":[{"count":0,"href":"https:\/\/eskigazeteci.com\/index.php?rest_route=\/wp\/v2\/posts\/960\/revisions"}],"wp:featuredmedia":[{"embeddable":true,"href":"https:\/\/eskigazeteci.com\/index.php?rest_route=\/wp\/v2\/media\/959"}],"wp:attachment":[{"href":"https:\/\/eskigazeteci.com\/index.php?rest_route=%2Fwp%2Fv2%2Fmedia&parent=960"}],"wp:term":[{"taxonomy":"category","embeddable":true,"href":"https:\/\/eskigazeteci.com\/index.php?rest_route=%2Fwp%2Fv2%2Fcategories&post=960"},{"taxonomy":"post_tag","embeddable":true,"href":"https:\/\/eskigazeteci.com\/index.php?rest_route=%2Fwp%2Fv2%2Ftags&post=960"}],"curies":[{"name":"wp","href":"https:\/\/api.w.org\/{rel}","templated":true}]}}