{"id":956,"date":"2026-02-10T19:15:20","date_gmt":"2026-02-10T19:15:20","guid":{"rendered":"https:\/\/eskigazeteci.com\/?p=956"},"modified":"2026-02-10T19:15:20","modified_gmt":"2026-02-10T19:15:20","slug":"vincenzo-montelladan-intere-ziyaret","status":"publish","type":"post","link":"https:\/\/eskigazeteci.com\/?p=956","title":{"rendered":"Vincenzo Montella&#8217;dan Inter&#8217;e ziyaret!"},"content":{"rendered":"<p>T\u00fcrkiye Futbol Federasyonundan yap\u0131lan a\u00e7\u0131klamaya g\u00f6re Inter &#x27;in tesislerine giden \u0130talyan \u00e7al\u0131\u015ft\u0131r\u0131c\u0131, burada Rumen teknik direkt\u00f6r Cristian Chivu ve A Milli Tak\u0131m kaptan\u0131 Hakan \u00c7alhano\u011flu ile bir araya geldi.<\/p>\n<p>Montella&#x27;ya A Milli Tak\u0131m Yard\u0131mc\u0131 Antren\u00f6r\u00fc Daniele Russo ve Atletik Performans Antren\u00f6r\u00fc Pierpaolo Polino da e\u015flik etti. \u0130dman\u0131 da izleyen A Milli Tak\u0131m heyeti, Chivu ve yard\u0131mc\u0131lar\u0131 taraf\u0131ndan son derece s\u0131cak bir \u015fekilde kar\u015f\u0131lan\u0131rken kendileriyle antrenman \u00f6ncesinde ve sonras\u0131nda birer g\u00f6r\u00fc\u015fme ger\u00e7ekle\u015ftirdi.<\/p>\n<p>Montella , \u0130talya&#x27;daki temaslar\u0131 \u00e7er\u00e7evesinde daha \u00f6nce Roma, Caglari ve Juventus&#x27;u ziyaret etmi\u015fti.<\/p>\n<p>T\u00fcrkiye&#x27;den ve D\u00fcnya\u2019dan son dakika haberleri, k\u00f6\u015fe yaz\u0131lar\u0131, magazinden siyasete, spordan seyahate b\u00fct\u00fcn konular\u0131n tek adresi Hurriyet.com.tr haber i\u00e7erikleri izin al\u0131nmadan, kaynak g\u00f6sterilerek dahi iktibas edilemez. Kanuna ayk\u0131r\u0131 ve izinsiz olarak kopyalanamaz, ba\u015fka yerde yay\u0131nlanamaz.<\/p>\n","protected":false},"excerpt":{"rendered":"<p>Milli Futbol Tak\u0131m\u0131 Teknik Direkt\u00f6r\u00fc Vincenzo Montella, \u0130talya&#8217;n\u0131n Inter tak\u0131m\u0131n\u0131 ziyaret etti.<\/p>\n","protected":false},"author":2,"featured_media":955,"comment_status":"open","ping_status":"open","sticky":false,"template":"","format":"standard","meta":{"footnotes":""},"categories":[8,5,7],"tags":[],"class_list":["post-956","post","type-post","status-publish","format-standard","has-post-thumbnail","hentry","category-arsiv","category-son-dakika","category-spor"],"_links":{"self":[{"href":"https:\/\/eskigazeteci.com\/index.php?rest_route=\/wp\/v2\/posts\/956","targetHints":{"allow":["GET"]}}],"collection":[{"href":"https:\/\/eskigazeteci.com\/index.php?rest_route=\/wp\/v2\/posts"}],"about":[{"href":"https:\/\/eskigazeteci.com\/index.php?rest_route=\/wp\/v2\/types\/post"}],"author":[{"embeddable":true,"href":"https:\/\/eskigazeteci.com\/index.php?rest_route=\/wp\/v2\/users\/2"}],"replies":[{"embeddable":true,"href":"https:\/\/eskigazeteci.com\/index.php?rest_route=%2Fwp%2Fv2%2Fcomments&post=956"}],"version-history":[{"count":0,"href":"https:\/\/eskigazeteci.com\/index.php?rest_route=\/wp\/v2\/posts\/956\/revisions"}],"wp:featuredmedia":[{"embeddable":true,"href":"https:\/\/eskigazeteci.com\/index.php?rest_route=\/wp\/v2\/media\/955"}],"wp:attachment":[{"href":"https:\/\/eskigazeteci.com\/index.php?rest_route=%2Fwp%2Fv2%2Fmedia&parent=956"}],"wp:term":[{"taxonomy":"category","embeddable":true,"href":"https:\/\/eskigazeteci.com\/index.php?rest_route=%2Fwp%2Fv2%2Fcategories&post=956"},{"taxonomy":"post_tag","embeddable":true,"href":"https:\/\/eskigazeteci.com\/index.php?rest_route=%2Fwp%2Fv2%2Ftags&post=956"}],"curies":[{"name":"wp","href":"https:\/\/api.w.org\/{rel}","templated":true}]}}