{"id":954,"date":"2026-02-10T19:05:21","date_gmt":"2026-02-10T19:05:21","guid":{"rendered":"https:\/\/eskigazeteci.com\/?p=954"},"modified":"2026-02-10T19:05:21","modified_gmt":"2026-02-10T19:05:21","slug":"vaclav-cernyden-sikinti-yok-paylasimi","status":"publish","type":"post","link":"https:\/\/eskigazeteci.com\/?p=954","title":{"rendered":"Vaclav Cerny&#8217;den &#8216;S\u0131k\u0131nt\u0131 yok&#8217; payla\u015f\u0131m\u0131!"},"content":{"rendered":"<p>Be\u015fikta\u015f &#x27;\u0131n \u00c7ek futbolcusu Vaclav Cerny sosyal medya hesab\u0131ndan yapt\u0131\u011f\u0131 payla\u015f\u0131mla taraftara mesaj g\u00f6nderdi.<\/p>\n<p>Kad\u0131k\u00f6y &#x27;de oynanan kupa ma\u00e7\u0131nda att\u0131\u011f\u0131 2 golle Be\u015fikta\u015f&#x27;a galibiyeti getiren y\u0131ld\u0131z futbolcu, zaferin ard\u0131ndan taraftarla ya\u015fad\u0131\u011f\u0131 sevince ait bir video payla\u015farak &quot;No stress (S\u0131k\u0131nt\u0131 yok)&quot; notunu d\u00fc\u015ft\u00fc.<\/p>\n<p>Yaz transfer d\u00f6neminde siyah-beyazl\u0131lara imza atan Cerny, bu sezon \u00e7\u0131kt\u0131\u011f\u0131 19 resmi ma\u00e7ta 6 gol &#8211; 6 asitlik performans sergiledi.<\/p>\n<p>T\u00fcrkiye&#x27;den ve D\u00fcnya\u2019dan son dakika haberleri, k\u00f6\u015fe yaz\u0131lar\u0131, magazinden siyasete, spordan seyahate b\u00fct\u00fcn konular\u0131n tek adresi Hurriyet.com.tr haber i\u00e7erikleri izin al\u0131nmadan, kaynak g\u00f6sterilerek dahi iktibas edilemez. Kanuna ayk\u0131r\u0131 ve izinsiz olarak kopyalanamaz, ba\u015fka yerde yay\u0131nlanamaz.<\/p>\n","protected":false},"excerpt":{"rendered":"<p>Be\u015fikta\u015f&#8217;\u0131n \u00c7ek futbolcusu Vaclav Cerny, ayr\u0131l\u0131k iddialar\u0131na sosyal medya hesab\u0131ndan yapt\u0131\u011f\u0131 Kad\u0131k\u00f6y payla\u015f\u0131m\u0131yla yan\u0131t verdi.<\/p>\n","protected":false},"author":2,"featured_media":953,"comment_status":"open","ping_status":"open","sticky":false,"template":"","format":"standard","meta":{"footnotes":""},"categories":[8,5,7],"tags":[],"class_list":["post-954","post","type-post","status-publish","format-standard","has-post-thumbnail","hentry","category-arsiv","category-son-dakika","category-spor"],"_links":{"self":[{"href":"https:\/\/eskigazeteci.com\/index.php?rest_route=\/wp\/v2\/posts\/954","targetHints":{"allow":["GET"]}}],"collection":[{"href":"https:\/\/eskigazeteci.com\/index.php?rest_route=\/wp\/v2\/posts"}],"about":[{"href":"https:\/\/eskigazeteci.com\/index.php?rest_route=\/wp\/v2\/types\/post"}],"author":[{"embeddable":true,"href":"https:\/\/eskigazeteci.com\/index.php?rest_route=\/wp\/v2\/users\/2"}],"replies":[{"embeddable":true,"href":"https:\/\/eskigazeteci.com\/index.php?rest_route=%2Fwp%2Fv2%2Fcomments&post=954"}],"version-history":[{"count":0,"href":"https:\/\/eskigazeteci.com\/index.php?rest_route=\/wp\/v2\/posts\/954\/revisions"}],"wp:featuredmedia":[{"embeddable":true,"href":"https:\/\/eskigazeteci.com\/index.php?rest_route=\/wp\/v2\/media\/953"}],"wp:attachment":[{"href":"https:\/\/eskigazeteci.com\/index.php?rest_route=%2Fwp%2Fv2%2Fmedia&parent=954"}],"wp:term":[{"taxonomy":"category","embeddable":true,"href":"https:\/\/eskigazeteci.com\/index.php?rest_route=%2Fwp%2Fv2%2Fcategories&post=954"},{"taxonomy":"post_tag","embeddable":true,"href":"https:\/\/eskigazeteci.com\/index.php?rest_route=%2Fwp%2Fv2%2Ftags&post=954"}],"curies":[{"name":"wp","href":"https:\/\/api.w.org\/{rel}","templated":true}]}}