{"id":952,"date":"2026-02-10T18:56:52","date_gmt":"2026-02-10T18:56:52","guid":{"rendered":"https:\/\/eskigazeteci.com\/?p=952"},"modified":"2026-02-10T18:56:52","modified_gmt":"2026-02-10T18:56:52","slug":"brandon-ingram-currynin-yerine-nba-all","status":"publish","type":"post","link":"https:\/\/eskigazeteci.com\/?p=952","title":{"rendered":"Brandon Ingram, Curry&#8217;nin yerine NBA All"},"content":{"rendered":"<p>Brandon Ingram, sakatl\u0131\u011f\u0131 bulunan Stephen Curry&#x27;nin yerine NBA All-Star&#x27;a se\u00e7ildi.<\/p>\n<p>NBA&#x27;den yap\u0131lan a\u00e7\u0131klamada, &quot;NBA Ba\u015fkan\u0131 Adam Silver, Toronto Raptors&#x27;\u0131n forvet oyuncusu Brandon Ingram &#x27;\u0131, sakatlanan Golden State Warriors oyuncusu Stephen Curry&#x27;nin yerine 2026 NBA All-Star ma\u00e7\u0131nda (15 \u015eubat Pazar) ABD tak\u0131m\u0131 kadrosunda yer almas\u0131 i\u00e7in g\u00f6revlendirdi.&quot; denildi.<\/p>\n<p>Kariyerinde ikinci defa All-Star&#x27;a se\u00e7ilen 28 ya\u015f\u0131ndaki basketbolcu, bu sezon NBA &#x27;de forma giydi\u011fi 52 ma\u00e7ta 22 say\u0131, 5,8 ribaunt ve 3,7 asist ortalamalar\u0131yla oynad\u0131.<\/p>\n<p>Bu y\u0131l 13-15 \u015eubat tarihlerinde, Los Angeles Clippers&#x27;\u0131n evi Intuit Home&#x27;daki All-Star organizasyonu, yeni formatla d\u00fczenlenecek.<\/p>\n<p>T\u00fcrkiye&#x27;den ve D\u00fcnya\u2019dan son dakika haberleri, k\u00f6\u015fe yaz\u0131lar\u0131, magazinden siyasete, spordan seyahate b\u00fct\u00fcn konular\u0131n tek adresi Hurriyet.com.tr haber i\u00e7erikleri izin al\u0131nmadan, kaynak g\u00f6sterilerek dahi iktibas edilemez. Kanuna ayk\u0131r\u0131 ve izinsiz olarak kopyalanamaz, ba\u015fka yerde yay\u0131nlanamaz.<\/p>\n","protected":false},"excerpt":{"rendered":"<p>Toronto Raptors&#8217;\u0131n forveti Brandon Ingram, sakatl\u0131\u011f\u0131 bulunan Golden State Warriors&#8217;\u0131n oyun kurucusu Stephen Curry&#8217;nin yerine NBA All-Star kadrosuna dahil&#8230;<\/p>\n","protected":false},"author":2,"featured_media":951,"comment_status":"open","ping_status":"open","sticky":false,"template":"","format":"standard","meta":{"footnotes":""},"categories":[8,5,7],"tags":[],"class_list":["post-952","post","type-post","status-publish","format-standard","has-post-thumbnail","hentry","category-arsiv","category-son-dakika","category-spor"],"_links":{"self":[{"href":"https:\/\/eskigazeteci.com\/index.php?rest_route=\/wp\/v2\/posts\/952","targetHints":{"allow":["GET"]}}],"collection":[{"href":"https:\/\/eskigazeteci.com\/index.php?rest_route=\/wp\/v2\/posts"}],"about":[{"href":"https:\/\/eskigazeteci.com\/index.php?rest_route=\/wp\/v2\/types\/post"}],"author":[{"embeddable":true,"href":"https:\/\/eskigazeteci.com\/index.php?rest_route=\/wp\/v2\/users\/2"}],"replies":[{"embeddable":true,"href":"https:\/\/eskigazeteci.com\/index.php?rest_route=%2Fwp%2Fv2%2Fcomments&post=952"}],"version-history":[{"count":0,"href":"https:\/\/eskigazeteci.com\/index.php?rest_route=\/wp\/v2\/posts\/952\/revisions"}],"wp:featuredmedia":[{"embeddable":true,"href":"https:\/\/eskigazeteci.com\/index.php?rest_route=\/wp\/v2\/media\/951"}],"wp:attachment":[{"href":"https:\/\/eskigazeteci.com\/index.php?rest_route=%2Fwp%2Fv2%2Fmedia&parent=952"}],"wp:term":[{"taxonomy":"category","embeddable":true,"href":"https:\/\/eskigazeteci.com\/index.php?rest_route=%2Fwp%2Fv2%2Fcategories&post=952"},{"taxonomy":"post_tag","embeddable":true,"href":"https:\/\/eskigazeteci.com\/index.php?rest_route=%2Fwp%2Fv2%2Ftags&post=952"}],"curies":[{"name":"wp","href":"https:\/\/api.w.org\/{rel}","templated":true}]}}