{"id":950,"date":"2026-02-10T18:55:20","date_gmt":"2026-02-10T18:55:20","guid":{"rendered":"https:\/\/eskigazeteci.com\/?p=950"},"modified":"2026-02-10T18:55:20","modified_gmt":"2026-02-10T18:55:20","slug":"ramazan-hilali-gorundu-mu-2026","status":"publish","type":"post","link":"https:\/\/eskigazeteci.com\/?p=950","title":{"rendered":"RAMAZAN H\u0130LAL\u0130 G\u00d6R\u00dcND\u00dc M\u00dc 2026"},"content":{"rendered":"<p>Hilal ne zaman g\u00f6r\u00fcnecek 2026? m\u00fcbarek Ramazan-\u0131 \u015eerif i\u00e7in geri say\u0131m ba\u015flarken g\u00fcndeme geldi. 11 ay\u0131n Sultan\u0131 Ramazan-\u0131 \u015eerif&#x27;in ba\u015flamas\u0131na k\u0131sa s\u00fcre kala, g\u00f6zler de Diyanet a\u00e7\u0131klamas\u0131na \u00e7evrildi. 2026 Diyanet takvimine g\u00f6re bu sene Ramazan ay\u0131 19 \u015eubat 2026 Per\u015fembe ilk oru\u00e7la beraber ba\u015flayacak. Peki, Ramazan Hilali ne zaman g\u00f6r\u00fcnecek, g\u00f6r\u00fcnd\u00fc m\u00fc? \u0130\u015fte, o konu hakk\u0131nda bilgiler.<\/p>\n<p>Ramazan hilali hen\u00fcz g\u00f6r\u00fcnmedi. Diyanet \u0130\u015fleri Ba\u015fkanl\u0131\u011f\u0131 Din \u0130\u015fleri Y\u00fcksek Kurulu taraf\u0131ndan a\u00e7\u0131klama ilerleyen g\u00fcnlerde yap\u0131lacak.<\/p>\n<p>\u0130\u00e7tima (yeni ay): 18 \u015eubat 2026, saat 00.45 (Greenwich) R\u00fcyet (hilalin g\u00f6r\u00fclmesi): 18 \u015eubat 2026, saat 14.43 Bu hesaplamalar do\u011frultusunda Ramazan hilalinin, ilk olarak Asya\u2019n\u0131n g\u00fcneybat\u0131s\u0131 ve Afrika k\u0131tas\u0131nda, ayn\u0131 g\u00fcn i\u00e7erisinde ise Avrupa ve Amerika k\u0131talar\u0131nda g\u00f6r\u00fclmesi bekleniyor.<\/p>\n<p>Kamer\u00ee aylar, ad\u0131ndan anla\u015f\u0131ld\u0131\u011f\u0131 gibi ba\u015flang\u0131c\u0131 ve biti\u015fi ay\u0131n hareketlerine g\u00f6re belirlenen aylard\u0131r. Ramazan orucu, Ramazan ay\u0131nda tutuldu\u011fundan ve Ramazan ay\u0131 da ay takvimine g\u00f6re her sene de\u011fi\u015fti\u011finden, oruca ba\u015flayabilmek i\u00e7in \u00f6ncelikle, Ramazan ay\u0131n\u0131n ba\u015flad\u0131\u011f\u0131n\u0131 tespit etmek gerekir. Hz. Peygamber (s.a.s.) \u201cHilali (Ramazan hilalini) g\u00f6r\u00fcnce oruca ba\u015flay\u0131n ve hilali (\u015eevval&#8230;<\/p>\n","protected":false},"excerpt":{"rendered":"<p>Ramazan hilali 2026 Diyanet a\u00e7\u0131klamalar\u0131 ile ilk oru\u00e7 tarihini bekleyen M\u00fcsl\u00fcmanlar\u0131n yo\u011funla\u015ft\u0131\u011f\u0131 konular\u0131n ba\u015f\u0131nda geliyor. Diyanet \u0130\u015fleri Ba\u015fkanl\u0131\u011f\u0131 Din&#8230;<\/p>\n","protected":false},"author":2,"featured_media":949,"comment_status":"open","ping_status":"open","sticky":false,"template":"","format":"standard","meta":{"footnotes":""},"categories":[8,6,5],"tags":[],"class_list":["post-950","post","type-post","status-publish","format-standard","has-post-thumbnail","hentry","category-arsiv","category-gundem","category-son-dakika"],"_links":{"self":[{"href":"https:\/\/eskigazeteci.com\/index.php?rest_route=\/wp\/v2\/posts\/950","targetHints":{"allow":["GET"]}}],"collection":[{"href":"https:\/\/eskigazeteci.com\/index.php?rest_route=\/wp\/v2\/posts"}],"about":[{"href":"https:\/\/eskigazeteci.com\/index.php?rest_route=\/wp\/v2\/types\/post"}],"author":[{"embeddable":true,"href":"https:\/\/eskigazeteci.com\/index.php?rest_route=\/wp\/v2\/users\/2"}],"replies":[{"embeddable":true,"href":"https:\/\/eskigazeteci.com\/index.php?rest_route=%2Fwp%2Fv2%2Fcomments&post=950"}],"version-history":[{"count":0,"href":"https:\/\/eskigazeteci.com\/index.php?rest_route=\/wp\/v2\/posts\/950\/revisions"}],"wp:featuredmedia":[{"embeddable":true,"href":"https:\/\/eskigazeteci.com\/index.php?rest_route=\/wp\/v2\/media\/949"}],"wp:attachment":[{"href":"https:\/\/eskigazeteci.com\/index.php?rest_route=%2Fwp%2Fv2%2Fmedia&parent=950"}],"wp:term":[{"taxonomy":"category","embeddable":true,"href":"https:\/\/eskigazeteci.com\/index.php?rest_route=%2Fwp%2Fv2%2Fcategories&post=950"},{"taxonomy":"post_tag","embeddable":true,"href":"https:\/\/eskigazeteci.com\/index.php?rest_route=%2Fwp%2Fv2%2Ftags&post=950"}],"curies":[{"name":"wp","href":"https:\/\/api.w.org\/{rel}","templated":true}]}}