{"id":948,"date":"2026-02-10T18:44:42","date_gmt":"2026-02-10T18:44:42","guid":{"rendered":"https:\/\/eskigazeteci.com\/?p=948"},"modified":"2026-02-10T18:44:42","modified_gmt":"2026-02-10T18:44:42","slug":"iran-kuzeydogu-savasi-iddianasi","status":"publish","type":"post","link":"https:\/\/eskigazeteci.com\/?p=948","title":{"rendered":"\u0130ran-Kuzeydo\u011fu Sava\u015f\u0131 Iddianas\u0131"},"content":{"rendered":"<p>ABD ba\u015fkan\u0131, \u0130ran ile m\u00fczakerelerden olas\u0131 sonu\u00e7 yoksa b\u00f6lgeye 2. sava\u015f gemi g\u00f6nderme plan\u0131n\u0131 iddia etti.<\/p>\n","protected":false},"excerpt":{"rendered":"<p>Ama\u00e7, \u0130ran ile m\u00fczakerelerden olas\u0131 sonucu yoksa 2. sava\u015f gemisi g\u00f6ndermek.<\/p>\n","protected":false},"author":2,"featured_media":947,"comment_status":"open","ping_status":"open","sticky":false,"template":"","format":"standard","meta":{"footnotes":""},"categories":[8,6,5],"tags":[],"class_list":["post-948","post","type-post","status-publish","format-standard","has-post-thumbnail","hentry","category-arsiv","category-gundem","category-son-dakika"],"_links":{"self":[{"href":"https:\/\/eskigazeteci.com\/index.php?rest_route=\/wp\/v2\/posts\/948","targetHints":{"allow":["GET"]}}],"collection":[{"href":"https:\/\/eskigazeteci.com\/index.php?rest_route=\/wp\/v2\/posts"}],"about":[{"href":"https:\/\/eskigazeteci.com\/index.php?rest_route=\/wp\/v2\/types\/post"}],"author":[{"embeddable":true,"href":"https:\/\/eskigazeteci.com\/index.php?rest_route=\/wp\/v2\/users\/2"}],"replies":[{"embeddable":true,"href":"https:\/\/eskigazeteci.com\/index.php?rest_route=%2Fwp%2Fv2%2Fcomments&post=948"}],"version-history":[{"count":0,"href":"https:\/\/eskigazeteci.com\/index.php?rest_route=\/wp\/v2\/posts\/948\/revisions"}],"wp:featuredmedia":[{"embeddable":true,"href":"https:\/\/eskigazeteci.com\/index.php?rest_route=\/wp\/v2\/media\/947"}],"wp:attachment":[{"href":"https:\/\/eskigazeteci.com\/index.php?rest_route=%2Fwp%2Fv2%2Fmedia&parent=948"}],"wp:term":[{"taxonomy":"category","embeddable":true,"href":"https:\/\/eskigazeteci.com\/index.php?rest_route=%2Fwp%2Fv2%2Fcategories&post=948"},{"taxonomy":"post_tag","embeddable":true,"href":"https:\/\/eskigazeteci.com\/index.php?rest_route=%2Fwp%2Fv2%2Ftags&post=948"}],"curies":[{"name":"wp","href":"https:\/\/api.w.org\/{rel}","templated":true}]}}