{"id":944,"date":"2026-02-10T18:06:51","date_gmt":"2026-02-10T18:06:51","guid":{"rendered":"https:\/\/eskigazeteci.com\/?p=944"},"modified":"2026-02-10T18:06:51","modified_gmt":"2026-02-10T18:06:51","slug":"bakan-bolat-turkmenistan-bakanlar-kurulu-baskan-yardimcisi-ataguliev-ile-gorustu","status":"publish","type":"post","link":"https:\/\/eskigazeteci.com\/?p=944","title":{"rendered":"Bakan Bolat, T\u00fcrkmenistan Bakanlar Kurulu Ba\u015fkan Yard\u0131mc\u0131s\u0131 Ataguliev ile g\u00f6r\u00fc\u015ft\u00fc"},"content":{"rendered":"<p>T\u00fcrkmenistan T\u00fcrk \u0130hra\u00e7 \u00dcr\u00fcnleri Fuar\u0131 kapsam\u0131nda ba\u015fkent A\u015fkabat&#x27;ta bulunan Ticaret Bakan\u0131 \u00d6mer Bolat , T\u00fcrkmenistan Bakanlar Kurulu Ba\u015fkan Yard\u0131mc\u0131s\u0131 N\u00f6kergul\u0131 Ataguliev ile g\u00f6r\u00fc\u015ft\u00fc. G\u00f6r\u00fc\u015fmeye ili\u015fkin sanal medya hesab\u0131ndan payla\u015f\u0131m yapan Bakan Bolat, \u201cDost ve karde\u015f T\u00fcrkmenistan\u2019a ger\u00e7ekle\u015ftirdi\u011fimiz ziyaret kapsam\u0131nda, T\u00fcrkmenistan Bakanlar Kurulu Ba\u015fkan Yard\u0131mc\u0131s\u0131 Say\u0131n N\u00f6kergul\u0131 Ataguliev ile ikili bir g\u00f6r\u00fc\u015fme ger\u00e7ekle\u015ftirdik. T\u00fcrkmenistan ile; ticari ve ekonomik alanlar ba\u015fta olmak \u00fczere, kar\u015f\u0131l\u0131kl\u0131 fuar organizasyonlar\u0131 d\u00fczenlenmesi ve kat\u0131l\u0131m, yat\u0131r\u0131m forumlar\u0131, sekt\u00f6rel paneller ile ikili i\u015f g\u00f6r\u00fc\u015fmeleri organizasyonlar\u0131n\u0131n d\u00fczenlenmesi konular\u0131nda mutab\u0131k kald\u0131k\u201d ifadelerini kulland\u0131.<\/p>\n<p>Ticaretten m\u00fcteahhitli\u011fe, ortak yat\u0131r\u0131mlardan enerjiye, ula\u015ft\u0131rmadan turizme kadar ekonominin her alan\u0131nda iki \u00fclke ili\u015fkilerini daha da ileriye ta\u015f\u0131ma konusunda birlikte \u00e7al\u0131\u015fmaya karar verdiklerini belirten Bolat, \u201cBu \u00e7er\u00e7evede, Say\u0131n Cumhurba\u015fkanlar\u0131m\u0131z\u0131n ortaya koydu\u011fu g\u00fc\u00e7l\u00fc irade ve vizyon do\u011frultusunda geli\u015fen ikili ticari ve ekonomik ili\u015fkilerimize y\u00f6nelik kapsaml\u0131 isti\u015farelerde bulunduk. T\u00fcrkmenistan ile 2025 y\u0131l\u0131nda ger\u00e7ekle\u015ftirdi\u011fimiz 2,2 milyar dolarl\u0131k ticaret hacmini, Say\u0131n&#8230;<\/p>\n","protected":false},"excerpt":{"rendered":"<p>Ticaret Bakan\u0131 \u00d6mer Bolat, T\u00fcrkmenistan Bakanlar Kurulu Ba\u015fkan Yard\u0131mc\u0131s\u0131 N\u00f6kergul\u0131 Ataguliev ile ba\u015fkent A\u015fkabat&#8217;ta bir araya geldi.<\/p>\n","protected":false},"author":2,"featured_media":943,"comment_status":"open","ping_status":"open","sticky":false,"template":"","format":"standard","meta":{"footnotes":""},"categories":[8,6,5],"tags":[],"class_list":["post-944","post","type-post","status-publish","format-standard","has-post-thumbnail","hentry","category-arsiv","category-gundem","category-son-dakika"],"_links":{"self":[{"href":"https:\/\/eskigazeteci.com\/index.php?rest_route=\/wp\/v2\/posts\/944","targetHints":{"allow":["GET"]}}],"collection":[{"href":"https:\/\/eskigazeteci.com\/index.php?rest_route=\/wp\/v2\/posts"}],"about":[{"href":"https:\/\/eskigazeteci.com\/index.php?rest_route=\/wp\/v2\/types\/post"}],"author":[{"embeddable":true,"href":"https:\/\/eskigazeteci.com\/index.php?rest_route=\/wp\/v2\/users\/2"}],"replies":[{"embeddable":true,"href":"https:\/\/eskigazeteci.com\/index.php?rest_route=%2Fwp%2Fv2%2Fcomments&post=944"}],"version-history":[{"count":0,"href":"https:\/\/eskigazeteci.com\/index.php?rest_route=\/wp\/v2\/posts\/944\/revisions"}],"wp:featuredmedia":[{"embeddable":true,"href":"https:\/\/eskigazeteci.com\/index.php?rest_route=\/wp\/v2\/media\/943"}],"wp:attachment":[{"href":"https:\/\/eskigazeteci.com\/index.php?rest_route=%2Fwp%2Fv2%2Fmedia&parent=944"}],"wp:term":[{"taxonomy":"category","embeddable":true,"href":"https:\/\/eskigazeteci.com\/index.php?rest_route=%2Fwp%2Fv2%2Fcategories&post=944"},{"taxonomy":"post_tag","embeddable":true,"href":"https:\/\/eskigazeteci.com\/index.php?rest_route=%2Fwp%2Fv2%2Ftags&post=944"}],"curies":[{"name":"wp","href":"https:\/\/api.w.org\/{rel}","templated":true}]}}