{"id":942,"date":"2026-02-10T18:05:19","date_gmt":"2026-02-10T18:05:19","guid":{"rendered":"https:\/\/eskigazeteci.com\/?p=942"},"modified":"2026-02-10T18:05:19","modified_gmt":"2026-02-10T18:05:19","slug":"ayse-barim-kimdir-kac-yasinda-nereli","status":"publish","type":"post","link":"https:\/\/eskigazeteci.com\/?p=942","title":{"rendered":"Ay\u015fe Bar\u0131m kimdir, ka\u00e7 ya\u015f\u0131nda, nereli?"},"content":{"rendered":"<p>Son dakika Ay\u015fe Bar\u0131m olay\u0131, savc\u0131 m\u00fctalaas\u0131 ile yeniden g\u00fcndeme geldi. Gezi Park\u0131 olaylar\u0131na ili\u015fkin yarg\u0131land\u0131\u011f\u0131 davada, menajer Ay\u015fe Bar\u0131m&#x27;\u0131n, &quot;T\u00fcrkiye Cumhuriyeti h\u00fck\u00fcmetini ortadan kald\u0131rmaya te\u015febb\u00fcs etme&quot; su\u00e7undan a\u011f\u0131rla\u015ft\u0131r\u0131lm\u0131\u015f m\u00fcebbet hapisle cezaland\u0131r\u0131lmas\u0131 talep edildi. Savc\u0131 iddianamenin aksine Ay\u015fe Bar\u0131m\u2019\u0131n eyleminin \u2018te\u015febb\u00fcse yard\u0131m\u2019 de\u011fil \u2018te\u015febb\u00fcs\u2019 su\u00e7unu olu\u015fturdu\u011funu belirtti. ID Dan\u0131\u015fmanl\u0131k Limited \u015eirketinin kurucusu ve orta\u011f\u0131 olan Bar\u0131m, daha \u00f6nce , sekt\u00f6rde tekelle\u015fmeye neden oldu\u011fu iddialar\u0131yla da g\u00fcndeme gelmi\u015f, kendisine kar\u015f\u0131 \u00e7\u0131kan oyuncular\u0131 piyasadan uzakla\u015ft\u0131rd\u0131\u011f\u0131 \u00f6ne s\u00fcr\u00fclm\u00fc\u015ft\u00fc. Peki, Ay\u015fe Bar\u0131m olay\u0131 nedir? Ay\u015fe Bar\u0131m kimdir? \u0130\u015fte, ayr\u0131nt\u0131lar.<\/p>\n<p>Gezi Park\u0131 davas\u0131 kapsam\u0131nda tutuksuz yarg\u0131lanan ID \u0130leti\u015fim\u2019in sahibi menajer Ay\u015fe Bar\u0131m hakk\u0131nda savc\u0131 esas hakk\u0131ndaki m\u00fctalaas\u0131n\u0131 celse aras\u0131nda mahkemeye sundu. Taksim&#x27;deki Gezi Park\u0131 odakl\u0131 olaylara i\u015ftirak etti\u011fine ili\u015fkin ID \u0130leti\u015fimin sahibi menajer Ay\u015fe Bar\u0131m\u2019\u0131n \u2018T\u00fcrkiye Cumhuriyeti H\u00fck\u00fcmeti&#x27;ni ortadan kald\u0131rmaya veya g\u00f6revini yapmas\u0131n\u0131 engellemeye te\u015febb\u00fcse yard\u0131m etme\u2019 su\u00e7undan 22,5 y\u0131ldan 30 y\u0131la kadar hapis istemiyle yarg\u0131land\u0131\u011f\u0131 davada savc\u0131 celse aras\u0131nda esas hakk\u0131ndaki m\u00fctalaas\u0131n\u0131&#8230;<\/p>\n","protected":false},"excerpt":{"rendered":"<p>Menajer Ay\u015fe Bar\u0131m davas\u0131nda son dakika geli\u015fme ya\u015fand\u0131. Gezi Park\u0131 davas\u0131 kapsam\u0131nda tutuksuz yarg\u0131lanan ID \u0130leti\u015fim\u2019in sahibi menajer Ay\u015fe Bar\u0131m hakk\u0131nda&#8230;<\/p>\n","protected":false},"author":2,"featured_media":941,"comment_status":"open","ping_status":"open","sticky":false,"template":"","format":"standard","meta":{"footnotes":""},"categories":[8,6,5],"tags":[],"class_list":["post-942","post","type-post","status-publish","format-standard","has-post-thumbnail","hentry","category-arsiv","category-gundem","category-son-dakika"],"_links":{"self":[{"href":"https:\/\/eskigazeteci.com\/index.php?rest_route=\/wp\/v2\/posts\/942","targetHints":{"allow":["GET"]}}],"collection":[{"href":"https:\/\/eskigazeteci.com\/index.php?rest_route=\/wp\/v2\/posts"}],"about":[{"href":"https:\/\/eskigazeteci.com\/index.php?rest_route=\/wp\/v2\/types\/post"}],"author":[{"embeddable":true,"href":"https:\/\/eskigazeteci.com\/index.php?rest_route=\/wp\/v2\/users\/2"}],"replies":[{"embeddable":true,"href":"https:\/\/eskigazeteci.com\/index.php?rest_route=%2Fwp%2Fv2%2Fcomments&post=942"}],"version-history":[{"count":0,"href":"https:\/\/eskigazeteci.com\/index.php?rest_route=\/wp\/v2\/posts\/942\/revisions"}],"wp:featuredmedia":[{"embeddable":true,"href":"https:\/\/eskigazeteci.com\/index.php?rest_route=\/wp\/v2\/media\/941"}],"wp:attachment":[{"href":"https:\/\/eskigazeteci.com\/index.php?rest_route=%2Fwp%2Fv2%2Fmedia&parent=942"}],"wp:term":[{"taxonomy":"category","embeddable":true,"href":"https:\/\/eskigazeteci.com\/index.php?rest_route=%2Fwp%2Fv2%2Fcategories&post=942"},{"taxonomy":"post_tag","embeddable":true,"href":"https:\/\/eskigazeteci.com\/index.php?rest_route=%2Fwp%2Fv2%2Ftags&post=942"}],"curies":[{"name":"wp","href":"https:\/\/api.w.org\/{rel}","templated":true}]}}