{"id":940,"date":"2026-02-10T17:56:50","date_gmt":"2026-02-10T17:56:50","guid":{"rendered":"https:\/\/eskigazeteci.com\/?p=940"},"modified":"2026-02-10T17:56:50","modified_gmt":"2026-02-10T17:56:50","slug":"korkunc-olay-cop-ayristirma-bandinda-bebek-cesedi-bulundu","status":"publish","type":"post","link":"https:\/\/eskigazeteci.com\/?p=940","title":{"rendered":"Korkun\u00e7 olay\u2026 \u00c7\u00f6p ayr\u0131\u015ft\u0131rma band\u0131nda bebek cesedi bulundu"},"content":{"rendered":"<p>Olay, ge\u00e7en cumartesi g\u00fcn\u00fc saat 22.40 s\u0131ralar\u0131nda Arma\u011fanlar Mahallesi\u2019nde faaliyet g\u00f6steren Bergama Entegre Kat\u0131 At\u0131k Y\u00f6netim Tesisi\u2019nde ya\u015fand\u0131. \u0130ddiaya g\u00f6re, tesiste \u00e7al\u0131\u015fan i\u015f\u00e7iler taraf\u0131ndan, \u00e7\u00f6p ayr\u0131\u015ft\u0131rma band\u0131 \u00fczerinde yeni do\u011fmu\u015f erkek bebek cesedi bulundu. \u0130hbar \u00fczerine adrese jandarma ve sa\u011fl\u0131k ekipleri sevk edildi. Yap\u0131lan incelemelerin ard\u0131ndan bebe\u011fin cans\u0131z bedeni, \u0130zmir Adli T\u0131p Kurumu morguna kald\u0131r\u0131ld\u0131.<\/p>\n<p>Olayla ilgili soru\u015fturma ba\u015flat\u0131ld\u0131.<\/p>\n<p>T\u00fcrkiye g\u00fcndeminden son dakika haberleri, bug\u00fcn ya\u015fanan en son geli\u015fmeler, siyaset g\u00fcndeminden g\u00fcncel haberler ve b\u00fct\u00fcn son dakika haberleri i\u00e7in H\u00fcrriyet&#x27;in internet haber sitesi hurriyet.com.tr; Hurriyet.com.tr haber i\u00e7erikleri kaynak g\u00f6sterilmeden al\u0131nt\u0131 yap\u0131lamaz, Kanuna ayk\u0131r\u0131 ve izinsiz olarak kopyalanamaz, ba\u015fka yerde yay\u0131nlanamaz.<\/p>\n","protected":false},"excerpt":{"rendered":"<p>\u0130ZM\u0130R\u2019in Bergama il\u00e7esinde bir kat\u0131 at\u0131k tesisinin \u00e7\u00f6p ayr\u0131\u015ft\u0131rma band\u0131nda yeni do\u011fmu\u015f erkek bebek cesedi bulundu. Olayla ilgili soru\u015fturma ba\u015flat\u0131ld\u0131.<\/p>\n","protected":false},"author":2,"featured_media":939,"comment_status":"open","ping_status":"open","sticky":false,"template":"","format":"standard","meta":{"footnotes":""},"categories":[8,6,5],"tags":[],"class_list":["post-940","post","type-post","status-publish","format-standard","has-post-thumbnail","hentry","category-arsiv","category-gundem","category-son-dakika"],"_links":{"self":[{"href":"https:\/\/eskigazeteci.com\/index.php?rest_route=\/wp\/v2\/posts\/940","targetHints":{"allow":["GET"]}}],"collection":[{"href":"https:\/\/eskigazeteci.com\/index.php?rest_route=\/wp\/v2\/posts"}],"about":[{"href":"https:\/\/eskigazeteci.com\/index.php?rest_route=\/wp\/v2\/types\/post"}],"author":[{"embeddable":true,"href":"https:\/\/eskigazeteci.com\/index.php?rest_route=\/wp\/v2\/users\/2"}],"replies":[{"embeddable":true,"href":"https:\/\/eskigazeteci.com\/index.php?rest_route=%2Fwp%2Fv2%2Fcomments&post=940"}],"version-history":[{"count":0,"href":"https:\/\/eskigazeteci.com\/index.php?rest_route=\/wp\/v2\/posts\/940\/revisions"}],"wp:featuredmedia":[{"embeddable":true,"href":"https:\/\/eskigazeteci.com\/index.php?rest_route=\/wp\/v2\/media\/939"}],"wp:attachment":[{"href":"https:\/\/eskigazeteci.com\/index.php?rest_route=%2Fwp%2Fv2%2Fmedia&parent=940"}],"wp:term":[{"taxonomy":"category","embeddable":true,"href":"https:\/\/eskigazeteci.com\/index.php?rest_route=%2Fwp%2Fv2%2Fcategories&post=940"},{"taxonomy":"post_tag","embeddable":true,"href":"https:\/\/eskigazeteci.com\/index.php?rest_route=%2Fwp%2Fv2%2Ftags&post=940"}],"curies":[{"name":"wp","href":"https:\/\/api.w.org\/{rel}","templated":true}]}}