{"id":938,"date":"2026-02-10T17:55:18","date_gmt":"2026-02-10T17:55:18","guid":{"rendered":"https:\/\/eskigazeteci.com\/?p=938"},"modified":"2026-02-10T17:55:18","modified_gmt":"2026-02-10T17:55:18","slug":"umut-tacirleri-tarafindan-tirla-getirilip-koye-birakildilar-1-gocmen-soguktan-oldu","status":"publish","type":"post","link":"https:\/\/eskigazeteci.com\/?p=938","title":{"rendered":"Umut tacirleri taraf\u0131ndan t\u0131rla getirilip k\u00f6ye b\u0131rak\u0131ld\u0131lar\u2026 1 g\u00f6\u00e7men so\u011fuktan \u00f6ld\u00fc"},"content":{"rendered":"<p>Olay, \u00f6\u011fle saatlerinde merkeze ba\u011fl\u0131 Kutlu k\u00f6y\u00fc mevkiinde meydana geldi. Bir TIR\u2019\u0131n dorsesinden d\u00fczensiz g\u00f6\u00e7menlerin indirildi\u011fi ihbar\u0131n\u0131 alan jandarma ekipleri b\u00f6lgeye sevk edildi. Jandarma ekipleri taraf\u0131ndan b\u00f6lgede yap\u0131lan aramada 2\u2019si bayg\u0131n halde 28 d\u00fczensiz g\u00f6\u00e7men yakaland\u0131. Olay yerine \u00e7a\u011fr\u0131lan sa\u011fl\u0131k ekibi taraf\u0131ndan yol kenar\u0131nda hareketsiz \u015fekilde yatan Afganistan uyruklu iki ka\u00e7ak g\u00f6\u00e7menden N.A.\u2019n\u0131n ya\u015fam\u0131n\u0131 yitirdi\u011fi belirlenirken, di\u011feri ise sa\u011fl\u0131k ekibi taraf\u0131ndan sevk edildi\u011fi hastanede tedavi alt\u0131na al\u0131nd\u0131.<\/p>\n<p>2&#x27;S\u0130 BAYGIN HALDE 28 G\u00d6\u00c7MEN YAKALANDI<\/p>\n<p>\u0130lk belirlemelere g\u00f6re hipotermiden ya\u015fam\u0131n\u0131 yitirdi\u011fi belirlenen N.A.\u2019n\u0131n cenazesi olay yerinde yap\u0131lan incelemenin ard\u0131ndan otopsi i\u00e7in D\u00fczce \u00dcniversitesi T\u0131p Fak\u00fcltesi E\u011fitim Ara\u015ft\u0131rma ve Uygulama Hastanesi morguna kald\u0131r\u0131ld\u0131.<\/p>\n<p>26 d\u00fczensiz g\u00f6\u00e7men i\u015flemleri i\u00e7in \u0130l Jandarma Komutanl\u0131\u011f\u0131&#x27;na g\u00f6t\u00fcr\u00fcld\u00fc. Yap\u0131lan \u00e7al\u0131\u015fmada d\u00fczensiz g\u00f6\u00e7menleri ta\u015f\u0131yan t\u0131r\u0131n s\u00fcr\u00fcc\u00fcs\u00fc O.B. de yakalanarak g\u00f6zalt\u0131na al\u0131nd\u0131. Olayla ilgili soru\u015fturma ba\u015flat\u0131ld\u0131.<\/p>\n<p>T\u00fcrkiye g\u00fcndeminden son dakika haberleri, bug\u00fcn ya\u015fanan en son geli\u015fmeler, siyaset g\u00fcndeminden g\u00fcncel haberler ve b\u00fct\u00fcn son dakika haberleri i\u00e7in H\u00fcrriyet&#x27;in internet haber sitesi&#8230;<\/p>\n","protected":false},"excerpt":{"rendered":"<p>D\u00dcZCE\u2019de t\u0131r\u0131n dorsesinden indirilerek k\u00f6ye b\u0131rak\u0131lan 28 d\u00fczensiz g\u00f6\u00e7men, jandarma ekipleri taraf\u0131ndan yakaland\u0131. Bayg\u0131n halde bulunan Afgan uyruklu d\u00fczensiz&#8230;<\/p>\n","protected":false},"author":2,"featured_media":937,"comment_status":"open","ping_status":"open","sticky":false,"template":"","format":"standard","meta":{"footnotes":""},"categories":[8,6,5],"tags":[],"class_list":["post-938","post","type-post","status-publish","format-standard","has-post-thumbnail","hentry","category-arsiv","category-gundem","category-son-dakika"],"_links":{"self":[{"href":"https:\/\/eskigazeteci.com\/index.php?rest_route=\/wp\/v2\/posts\/938","targetHints":{"allow":["GET"]}}],"collection":[{"href":"https:\/\/eskigazeteci.com\/index.php?rest_route=\/wp\/v2\/posts"}],"about":[{"href":"https:\/\/eskigazeteci.com\/index.php?rest_route=\/wp\/v2\/types\/post"}],"author":[{"embeddable":true,"href":"https:\/\/eskigazeteci.com\/index.php?rest_route=\/wp\/v2\/users\/2"}],"replies":[{"embeddable":true,"href":"https:\/\/eskigazeteci.com\/index.php?rest_route=%2Fwp%2Fv2%2Fcomments&post=938"}],"version-history":[{"count":0,"href":"https:\/\/eskigazeteci.com\/index.php?rest_route=\/wp\/v2\/posts\/938\/revisions"}],"wp:featuredmedia":[{"embeddable":true,"href":"https:\/\/eskigazeteci.com\/index.php?rest_route=\/wp\/v2\/media\/937"}],"wp:attachment":[{"href":"https:\/\/eskigazeteci.com\/index.php?rest_route=%2Fwp%2Fv2%2Fmedia&parent=938"}],"wp:term":[{"taxonomy":"category","embeddable":true,"href":"https:\/\/eskigazeteci.com\/index.php?rest_route=%2Fwp%2Fv2%2Fcategories&post=938"},{"taxonomy":"post_tag","embeddable":true,"href":"https:\/\/eskigazeteci.com\/index.php?rest_route=%2Fwp%2Fv2%2Ftags&post=938"}],"curies":[{"name":"wp","href":"https:\/\/api.w.org\/{rel}","templated":true}]}}