{"id":936,"date":"2026-02-10T17:47:47","date_gmt":"2026-02-10T17:47:47","guid":{"rendered":"https:\/\/eskigazeteci.com\/?p=936"},"modified":"2026-02-10T17:47:47","modified_gmt":"2026-02-10T17:47:47","slug":"disisleri-bakani-hakan-fidan-pakistanli-mevkidasi-telefonda-gordugu","status":"publish","type":"post","link":"https:\/\/eskigazeteci.com\/?p=936","title":{"rendered":"D\u0131\u015fi\u015fleri Bakan\u0131 Hakan Fidan, Pakistanl\u0131 Mevkida\u015f\u0131 Telefonda G\u00f6rd\u00fc\u011f\u00fc"},"content":{"rendered":"<p>D\u0131\u015fi\u015fleri Bakan\u0131 Hakan Fidan, Pakistan D\u0131\u015fi\u015feri Bakan\u0131 Muhammed \u0130shak Dar ile telefon g\u00f6r\u00fc\u015fmesi yapt\u0131. Bu toplant\u0131, diplomatik bir durum olarak kabul edildi ve \u00f6nemli bir noktaya i\u015faret etmektedir. Fidan ve Dar, bu g\u00f6r\u00fc\u015fmelerdeki anla\u015fmalarla ilgili b\u00fcy\u00fck a\u00e7\u0131klamalara kavu\u015fuyorlar.<\/p>\n","protected":false},"excerpt":{"rendered":"<p>D\u0131\u015fi\u015feri Bakan\u0131 Hakan Fidan, Pakistanl\u0131 D\u0131\u015fi\u015feri Bakan\u0131 Muhammed \u0130shak Dar ile telefon g\u00f6r\u00fc\u015fmesi yapt\u0131.<\/p>\n","protected":false},"author":2,"featured_media":935,"comment_status":"open","ping_status":"open","sticky":false,"template":"","format":"standard","meta":{"footnotes":""},"categories":[8,6,5],"tags":[],"class_list":["post-936","post","type-post","status-publish","format-standard","has-post-thumbnail","hentry","category-arsiv","category-gundem","category-son-dakika"],"_links":{"self":[{"href":"https:\/\/eskigazeteci.com\/index.php?rest_route=\/wp\/v2\/posts\/936","targetHints":{"allow":["GET"]}}],"collection":[{"href":"https:\/\/eskigazeteci.com\/index.php?rest_route=\/wp\/v2\/posts"}],"about":[{"href":"https:\/\/eskigazeteci.com\/index.php?rest_route=\/wp\/v2\/types\/post"}],"author":[{"embeddable":true,"href":"https:\/\/eskigazeteci.com\/index.php?rest_route=\/wp\/v2\/users\/2"}],"replies":[{"embeddable":true,"href":"https:\/\/eskigazeteci.com\/index.php?rest_route=%2Fwp%2Fv2%2Fcomments&post=936"}],"version-history":[{"count":0,"href":"https:\/\/eskigazeteci.com\/index.php?rest_route=\/wp\/v2\/posts\/936\/revisions"}],"wp:featuredmedia":[{"embeddable":true,"href":"https:\/\/eskigazeteci.com\/index.php?rest_route=\/wp\/v2\/media\/935"}],"wp:attachment":[{"href":"https:\/\/eskigazeteci.com\/index.php?rest_route=%2Fwp%2Fv2%2Fmedia&parent=936"}],"wp:term":[{"taxonomy":"category","embeddable":true,"href":"https:\/\/eskigazeteci.com\/index.php?rest_route=%2Fwp%2Fv2%2Fcategories&post=936"},{"taxonomy":"post_tag","embeddable":true,"href":"https:\/\/eskigazeteci.com\/index.php?rest_route=%2Fwp%2Fv2%2Ftags&post=936"}],"curies":[{"name":"wp","href":"https:\/\/api.w.org\/{rel}","templated":true}]}}