{"id":934,"date":"2026-02-10T17:46:47","date_gmt":"2026-02-10T17:46:47","guid":{"rendered":"https:\/\/eskigazeteci.com\/?p=934"},"modified":"2026-02-10T17:46:47","modified_gmt":"2026-02-10T17:46:47","slug":"ak-parti-genel-baskan-yardimcisi-omer-ileri-siber-vatana-kayipmak","status":"publish","type":"post","link":"https:\/\/eskigazeteci.com\/?p=934","title":{"rendered":"AK Parti Genel Ba\u015fkan Yard\u0131mc\u0131s\u0131 \u00d6mer \u0130leri: Siber Vatana Kay\u0131pmak"},"content":{"rendered":"<p>AK Parti Genel Merkezi\u2019nde, &#x27;Klasik S\u00f6m\u00fcrgecilikten Veri S\u00f6m\u00fcrgecili\u011fine: Dijital \u00c7a\u011fda Hegemonya<\/p>\n","protected":false},"excerpt":{"rendered":"<p>\u0130leri, ki\u015fisel bilgilerini ele ge\u00e7iren \u015firketlere dikkat etti.<\/p>\n","protected":false},"author":2,"featured_media":933,"comment_status":"open","ping_status":"open","sticky":false,"template":"","format":"standard","meta":{"footnotes":""},"categories":[8,6,5],"tags":[],"class_list":["post-934","post","type-post","status-publish","format-standard","has-post-thumbnail","hentry","category-arsiv","category-gundem","category-son-dakika"],"_links":{"self":[{"href":"https:\/\/eskigazeteci.com\/index.php?rest_route=\/wp\/v2\/posts\/934","targetHints":{"allow":["GET"]}}],"collection":[{"href":"https:\/\/eskigazeteci.com\/index.php?rest_route=\/wp\/v2\/posts"}],"about":[{"href":"https:\/\/eskigazeteci.com\/index.php?rest_route=\/wp\/v2\/types\/post"}],"author":[{"embeddable":true,"href":"https:\/\/eskigazeteci.com\/index.php?rest_route=\/wp\/v2\/users\/2"}],"replies":[{"embeddable":true,"href":"https:\/\/eskigazeteci.com\/index.php?rest_route=%2Fwp%2Fv2%2Fcomments&post=934"}],"version-history":[{"count":0,"href":"https:\/\/eskigazeteci.com\/index.php?rest_route=\/wp\/v2\/posts\/934\/revisions"}],"wp:featuredmedia":[{"embeddable":true,"href":"https:\/\/eskigazeteci.com\/index.php?rest_route=\/wp\/v2\/media\/933"}],"wp:attachment":[{"href":"https:\/\/eskigazeteci.com\/index.php?rest_route=%2Fwp%2Fv2%2Fmedia&parent=934"}],"wp:term":[{"taxonomy":"category","embeddable":true,"href":"https:\/\/eskigazeteci.com\/index.php?rest_route=%2Fwp%2Fv2%2Fcategories&post=934"},{"taxonomy":"post_tag","embeddable":true,"href":"https:\/\/eskigazeteci.com\/index.php?rest_route=%2Fwp%2Fv2%2Ftags&post=934"}],"curies":[{"name":"wp","href":"https:\/\/api.w.org\/{rel}","templated":true}]}}