{"id":932,"date":"2026-02-10T17:45:19","date_gmt":"2026-02-10T17:45:19","guid":{"rendered":"https:\/\/eskigazeteci.com\/?p=932"},"modified":"2026-02-10T17:45:19","modified_gmt":"2026-02-10T17:45:19","slug":"super-ligde-21-haftanin-var-kayitlari-aciklandi-fenerbahcenin-kazandigi-penalti-besiktasin-golu","status":"publish","type":"post","link":"https:\/\/eskigazeteci.com\/?p=932","title":{"rendered":"S\u00fcper Lig&#8217;de 21. haftan\u0131n VAR kay\u0131tlar\u0131 a\u00e7\u0131kland\u0131! Fenerbah\u00e7e&#8217;nin kazand\u0131\u011f\u0131 penalt\u0131, Be\u015fikta\u015f&#8217;\u0131n gol\u00fc&#8230;"},"content":{"rendered":"<p>S\u00fcper Lig &#x27;de 21. haftan\u0131n geride kalmas\u0131yla birlikte TFF, VAR kay\u0131tlar\u0131n\u0131 YouTube kanal\u0131nda yay\u0131nland\u0131.<\/p>\n<p>TFF &#x27;nin a\u00e7\u0131klad\u0131\u011f\u0131 kay\u0131tlarda Be\u015fikta\u015f &#8211; Alanyaspor ve Fenerbah\u00e7e &#8211; Gen\u00e7lerbirli\u011fi ma\u00e7\u0131n\u0131n tart\u0131\u015fmal\u0131 kararlar\u0131 yer ald\u0131.<\/p>\n<p>BE\u015e\u0130KTA\u015e&#x27;IN KAZANDI\u011eI PENALTI<\/p>\n<p>&#8211; VAR: Potansiyel penalt\u0131 i\u00e7in inceleme \u00f6neriyorum.<\/p>\n<p>&#8211; O\u011fuzhan \u00c7ak\u0131r: Geliyorum.<\/p>\n<p>&#8211; VAR: \u0130lk temas an\u0131n\u0131 g\u00f6steriyorum.<\/p>\n<p>&#8211; Hakem: Tamam g\u00f6rd\u00fcm pozisyon i\u00e7eride.<\/p>\n<p>&#8211; VAR: Bir a\u00e7\u0131m daha ver istersen.<\/p>\n<p>&#8211; Hakem: Tamam benim i\u00e7in yeterli.<\/p>\n<p>&#8211; Hakem: Penalt\u0131 veriyorum. Kart vermeyece\u011fim.<\/p>\n<p>&#8211; VAR: Tamam.<\/p>\n<p>BE\u015e\u0130KTA\u015e&#x27;IN GE\u00c7ERL\u0130L\u0130K KAZANAN GOL\u00dc<\/p>\n<p>&#8211; VAR: &quot;O\u011fuzhan, sana sahada inceleme \u00f6neriyorum. S\u00fcbjektif bir karar. Sana oyuncunun ofsaytta olup olmad\u0131\u011f\u0131n\u0131, etki edip etmedi\u011fini g\u00f6sterece\u011fim.&quot;<\/p>\n<p>&#8211; O\u011fuzhan \u00c7ak\u0131r: &quot;Tamam.&quot;<\/p>\n<p>&#8211; VAR: &quot;12 numaral\u0131 oyuncu topla oynuyor. Murat, burada 53 numara i\u00e7in bayrak kald\u0131r\u0131yor. 53 numaral\u0131 oyuncunun rakibine top oyuna girdi\u011fi andan itibaren bir m\u00fcdahalesi olmad\u0131\u011f\u0131n\u0131, rakibin&#8230;&quot;<\/p>\n<p>&#8211; O\u011fuzhan \u00c7ak\u0131r: &quot;Tamam oynat. Etkileyip etkilemedi\u011fine bakaca\u011f\u0131m rakibini.&quot;<\/p>\n<p>&#8211; VAR: &quot;Evet, onlar\u0131 g\u00f6sterece\u011fim sana. \u015eimdi yak\u0131n \u00e7ekimde de g\u00f6sterece\u011fim. Top oyuna girdikten sonraki o ikili oyuncunun m\u00fccadelesi kale arkas\u0131 verir&#8230;<\/p>\n","protected":false},"excerpt":{"rendered":"<p>Trendyol S\u00fcper Lig&#8217;in 21. haftan\u0131n sona ermesiyle birlikte VAR kay\u0131tlar\u0131 yay\u0131nland\u0131. T\u00fcrkiye Futbol Federasyonu Merkez Hakem Kurulu, kay\u0131tlar\u0131 YouTube&#8230;<\/p>\n","protected":false},"author":2,"featured_media":931,"comment_status":"open","ping_status":"open","sticky":false,"template":"","format":"standard","meta":{"footnotes":""},"categories":[8,5,7],"tags":[],"class_list":["post-932","post","type-post","status-publish","format-standard","has-post-thumbnail","hentry","category-arsiv","category-son-dakika","category-spor"],"_links":{"self":[{"href":"https:\/\/eskigazeteci.com\/index.php?rest_route=\/wp\/v2\/posts\/932","targetHints":{"allow":["GET"]}}],"collection":[{"href":"https:\/\/eskigazeteci.com\/index.php?rest_route=\/wp\/v2\/posts"}],"about":[{"href":"https:\/\/eskigazeteci.com\/index.php?rest_route=\/wp\/v2\/types\/post"}],"author":[{"embeddable":true,"href":"https:\/\/eskigazeteci.com\/index.php?rest_route=\/wp\/v2\/users\/2"}],"replies":[{"embeddable":true,"href":"https:\/\/eskigazeteci.com\/index.php?rest_route=%2Fwp%2Fv2%2Fcomments&post=932"}],"version-history":[{"count":0,"href":"https:\/\/eskigazeteci.com\/index.php?rest_route=\/wp\/v2\/posts\/932\/revisions"}],"wp:featuredmedia":[{"embeddable":true,"href":"https:\/\/eskigazeteci.com\/index.php?rest_route=\/wp\/v2\/media\/931"}],"wp:attachment":[{"href":"https:\/\/eskigazeteci.com\/index.php?rest_route=%2Fwp%2Fv2%2Fmedia&parent=932"}],"wp:term":[{"taxonomy":"category","embeddable":true,"href":"https:\/\/eskigazeteci.com\/index.php?rest_route=%2Fwp%2Fv2%2Fcategories&post=932"},{"taxonomy":"post_tag","embeddable":true,"href":"https:\/\/eskigazeteci.com\/index.php?rest_route=%2Fwp%2Fv2%2Ftags&post=932"}],"curies":[{"name":"wp","href":"https:\/\/api.w.org\/{rel}","templated":true}]}}