{"id":926,"date":"2026-02-10T17:27:48","date_gmt":"2026-02-10T17:27:48","guid":{"rendered":"https:\/\/eskigazeteci.com\/?p=926"},"modified":"2026-02-10T17:27:48","modified_gmt":"2026-02-10T17:27:48","slug":"disisleri-bakani-hakan-fidan-bm-genel-sekreteri-antonio-guterres-ile-duyuruya-gozuktu","status":"publish","type":"post","link":"https:\/\/eskigazeteci.com\/?p=926","title":{"rendered":"D\u0131\u015fi\u015fleri Bakan\u0131 Hakan Fidan BM Genel Sekreteri Antonio Guterres ile Duyuruya G\u00f6z\u00fckt\u00fc"},"content":{"rendered":"<p>D\u0131\u015fi\u015fleri Bakan\u0131 Hakan Fidan, BM Genel Sekreteri Antonio Guterres ile telefon g\u00f6r\u00fc\u015fmesi yapt\u0131. Bu durum, Avrupa ve D\u00fcnya&#x27;n\u0131n ekonomik ve sosyal durumu \u00fczerindeki \u00f6nemli bir ad\u0131m olarak de\u011ferlendirilmi\u015ftir.<\/p>\n","protected":false},"excerpt":{"rendered":"<p>\u0130\u015fte Hakan Fidan, BM Genel Sekreteri Antonio Guterres ile telefon g\u00f6r\u00fc\u015fmesine kat\u0131ld\u0131.<\/p>\n","protected":false},"author":2,"featured_media":925,"comment_status":"open","ping_status":"open","sticky":false,"template":"","format":"standard","meta":{"footnotes":""},"categories":[8,6,5],"tags":[],"class_list":["post-926","post","type-post","status-publish","format-standard","has-post-thumbnail","hentry","category-arsiv","category-gundem","category-son-dakika"],"_links":{"self":[{"href":"https:\/\/eskigazeteci.com\/index.php?rest_route=\/wp\/v2\/posts\/926","targetHints":{"allow":["GET"]}}],"collection":[{"href":"https:\/\/eskigazeteci.com\/index.php?rest_route=\/wp\/v2\/posts"}],"about":[{"href":"https:\/\/eskigazeteci.com\/index.php?rest_route=\/wp\/v2\/types\/post"}],"author":[{"embeddable":true,"href":"https:\/\/eskigazeteci.com\/index.php?rest_route=\/wp\/v2\/users\/2"}],"replies":[{"embeddable":true,"href":"https:\/\/eskigazeteci.com\/index.php?rest_route=%2Fwp%2Fv2%2Fcomments&post=926"}],"version-history":[{"count":0,"href":"https:\/\/eskigazeteci.com\/index.php?rest_route=\/wp\/v2\/posts\/926\/revisions"}],"wp:featuredmedia":[{"embeddable":true,"href":"https:\/\/eskigazeteci.com\/index.php?rest_route=\/wp\/v2\/media\/925"}],"wp:attachment":[{"href":"https:\/\/eskigazeteci.com\/index.php?rest_route=%2Fwp%2Fv2%2Fmedia&parent=926"}],"wp:term":[{"taxonomy":"category","embeddable":true,"href":"https:\/\/eskigazeteci.com\/index.php?rest_route=%2Fwp%2Fv2%2Fcategories&post=926"},{"taxonomy":"post_tag","embeddable":true,"href":"https:\/\/eskigazeteci.com\/index.php?rest_route=%2Fwp%2Fv2%2Ftags&post=926"}],"curies":[{"name":"wp","href":"https:\/\/api.w.org\/{rel}","templated":true}]}}