{"id":924,"date":"2026-02-10T17:26:48","date_gmt":"2026-02-10T17:26:48","guid":{"rendered":"https:\/\/eskigazeteci.com\/?p=924"},"modified":"2026-02-10T17:26:48","modified_gmt":"2026-02-10T17:26:48","slug":"suudi-arabistan-erdoganin-ziyareti-iki-ulke-arasindaki-iliskilerin-saglamligini-ortaya-koydu","status":"publish","type":"post","link":"https:\/\/eskigazeteci.com\/?p=924","title":{"rendered":"Suudi Arabistan: Erdo\u011fan\u2019\u0131n ziyareti iki \u00fclke aras\u0131ndaki ili\u015fkilerin sa\u011flaml\u0131\u011f\u0131n\u0131 ortaya koydu"},"content":{"rendered":"<p>Suudi resmi ajans\u0131 SPA\u2019ya g\u00f6re, Kral Selman bin Abd\u00fclaziz ba\u015fkanl\u0131\u011f\u0131nda Riyad\u2019da toplanan Bakanlar Kurulu, Cumhurba\u015fkan\u0131 Erdo\u011fan ile Suudi Arabistan Veliaht Prensi Muhammed bin Selman aras\u0131nda yap\u0131lan g\u00f6r\u00fc\u015fmeler hakk\u0131nda bilgilendirildi.<\/p>\n<p>Kurul, ziyaretin iki \u00fclke aras\u0131ndaki ili\u015fkilerin sa\u011flaml\u0131\u011f\u0131n\u0131 ortaya koydu\u011funu ve farkl\u0131 alanlarda i\u015f birli\u011fini g\u00fc\u00e7lendirme iradesini yans\u0131tt\u0131\u011f\u0131n\u0131, imzalanan anla\u015fma ve mutabakat zaptlar\u0131yla bunun somutla\u015ft\u0131\u011f\u0131n\u0131 belirtti.<\/p>\n<p>Bakanlar Kurulu ayr\u0131ca Enerji Bakan\u0131\u2019n\u0131, Suudi Arabistan, T\u00fcrkiye ve \u00dcrd\u00fcn aras\u0131nda n\u00fckleer enerjinin ve atom enerjisinin bar\u0131\u015f\u00e7\u0131l kullan\u0131m\u0131na y\u00f6nelik \u00e7er\u00e7eve anla\u015fma ve i\u015f birli\u011fi anla\u015fmas\u0131 konusunda g\u00f6r\u00fc\u015fmeler y\u00fcr\u00fctmek ve anla\u015fmalar\u0131 imzalamak \u00fczere yetkilendirdi.<\/p>\n<p>Cumhurba\u015fkan\u0131 Erdo\u011fan, 3 \u015eubat\u2019ta Suudi Arabistan\u2019\u0131 ziyaret etmi\u015f, ard\u0131ndan M\u0131s\u0131r\u2019a ge\u00e7mi\u015fti. Ziyaret kapsam\u0131nda iki \u00fclke aras\u0131nda enerji ba\u015fta olmak \u00fczere \u00e7e\u015fitli alanlarda anla\u015fmalar imzalanm\u0131\u015ft\u0131.<\/p>\n<p>T\u00fcrkiye g\u00fcndeminden son dakika haberleri, bug\u00fcn ya\u015fanan en son geli\u015fmeler, siyaset g\u00fcndeminden g\u00fcncel haberler ve b\u00fct\u00fcn son dakika haberleri i\u00e7in H\u00fcrriyet&#x27;in internet haber sitesi hurriyet.com.tr; Hurriyet.com.tr haber i\u00e7erikleri kaynak g\u00f6sterilmeden al\u0131nt\u0131 yap\u0131lamaz,&#8230;<\/p>\n","protected":false},"excerpt":{"rendered":"<p>Suudi Arabistan Bakanlar Kurulu, Cumhurba\u015fkan\u0131 Recep Tayyip Erdo\u011fan\u2019\u0131n 3 \u015eubat\u2019ta \u00fclkeye yapt\u0131\u011f\u0131 resmi ziyaretin \u201ciki \u00fclke aras\u0131ndaki ili\u015fkilerin&#8230;<\/p>\n","protected":false},"author":2,"featured_media":923,"comment_status":"open","ping_status":"open","sticky":false,"template":"","format":"standard","meta":{"footnotes":""},"categories":[8,6,5],"tags":[],"class_list":["post-924","post","type-post","status-publish","format-standard","has-post-thumbnail","hentry","category-arsiv","category-gundem","category-son-dakika"],"_links":{"self":[{"href":"https:\/\/eskigazeteci.com\/index.php?rest_route=\/wp\/v2\/posts\/924","targetHints":{"allow":["GET"]}}],"collection":[{"href":"https:\/\/eskigazeteci.com\/index.php?rest_route=\/wp\/v2\/posts"}],"about":[{"href":"https:\/\/eskigazeteci.com\/index.php?rest_route=\/wp\/v2\/types\/post"}],"author":[{"embeddable":true,"href":"https:\/\/eskigazeteci.com\/index.php?rest_route=\/wp\/v2\/users\/2"}],"replies":[{"embeddable":true,"href":"https:\/\/eskigazeteci.com\/index.php?rest_route=%2Fwp%2Fv2%2Fcomments&post=924"}],"version-history":[{"count":0,"href":"https:\/\/eskigazeteci.com\/index.php?rest_route=\/wp\/v2\/posts\/924\/revisions"}],"wp:featuredmedia":[{"embeddable":true,"href":"https:\/\/eskigazeteci.com\/index.php?rest_route=\/wp\/v2\/media\/923"}],"wp:attachment":[{"href":"https:\/\/eskigazeteci.com\/index.php?rest_route=%2Fwp%2Fv2%2Fmedia&parent=924"}],"wp:term":[{"taxonomy":"category","embeddable":true,"href":"https:\/\/eskigazeteci.com\/index.php?rest_route=%2Fwp%2Fv2%2Fcategories&post=924"},{"taxonomy":"post_tag","embeddable":true,"href":"https:\/\/eskigazeteci.com\/index.php?rest_route=%2Fwp%2Fv2%2Ftags&post=924"}],"curies":[{"name":"wp","href":"https:\/\/api.w.org\/{rel}","templated":true}]}}