{"id":920,"date":"2026-02-10T17:15:17","date_gmt":"2026-02-10T17:15:17","guid":{"rendered":"https:\/\/eskigazeteci.com\/?p=920"},"modified":"2026-02-10T17:15:17","modified_gmt":"2026-02-10T17:15:17","slug":"liverpoolda-gundem-mohamed-salahin-ayriligi-adim-adim-arabistana","status":"publish","type":"post","link":"https:\/\/eskigazeteci.com\/?p=920","title":{"rendered":"Liverpool&#8217;da g\u00fcndem Mohamed Salah&#8217;\u0131n ayr\u0131l\u0131\u011f\u0131: Ad\u0131m ad\u0131m Arabistan&#8217;a!"},"content":{"rendered":"<p>Liverpool&#x27;un M\u0131s\u0131rl\u0131 s\u00fcper y\u0131ld\u0131z\u0131 Mohamed Salah , \u00f6n\u00fcm\u00fczdeki sezon \u0130ngiliz devinin formas\u0131n\u0131 giymeyebilir.<\/p>\n<p>SEZON SONU \u0130\u00c7\u0130N G\u00d6R\u00dc\u015eMELER BA\u015eLADI<\/p>\n<p>Foot Mercato, Suudi Arabistan ekibi Al-Ittihad&#x27;\u0131n M\u0131s\u0131rl\u0131 y\u0131ld\u0131z i\u00e7in \u015fimdiden giri\u015fimlere ba\u015flad\u0131\u011f\u0131n\u0131 iddia etti.<\/p>\n<p>Haberde 33 ya\u015f\u0131ndaki oyuncunun menajerinin Al-Ittihad ile temas halinde oldu\u011fu belirtildi.<\/p>\n<p>SALAH DA \u0130ST\u0130YOR<\/p>\n<p>\u00d6te yandan habere g\u00f6re Salah da Suudi Arabistan &#x27;a transfer olmay\u0131 istiyor.<\/p>\n<p>Liverpool &#x27;dan eski tak\u0131m arkada\u015f\u0131 Fabinho&#x27;nun da Arabistan ekibinde forma giymesi transferi h\u0131zland\u0131rabilir.<\/p>\n<p>PERFORMANSI<\/p>\n<p>33 ya\u015f\u0131ndaki y\u0131ld\u0131z, bu sezon \u0130ngiliz deviyle \u00e7\u0131kt\u0131\u011f\u0131 25 ma\u00e7ta 6 gol &#8211; 6 asitlik skor katk\u0131s\u0131 \u00fcretti.<\/p>\n<p>T\u00fcrkiye&#x27;den ve D\u00fcnya\u2019dan son dakika haberleri, k\u00f6\u015fe yaz\u0131lar\u0131, magazinden siyasete, spordan seyahate b\u00fct\u00fcn konular\u0131n tek adresi Hurriyet.com.tr haber i\u00e7erikleri izin al\u0131nmadan, kaynak g\u00f6sterilerek dahi iktibas edilemez. Kanuna ayk\u0131r\u0131 ve izinsiz olarak kopyalanamaz, ba\u015fka yerde yay\u0131nlanamaz.<\/p>\n","protected":false},"excerpt":{"rendered":"<p>K\u0131\u015f transfer d\u00f6neminde N&#8217;Golo Kante ve Karim Benzama gibi d\u00fcnya y\u0131ld\u0131zlar\u0131n\u0131 elinden \u00e7\u0131karan Suudi Arabistan ekibi Al Itt\u0131had, g\u00f6z\u00fcne Liverpool&#8217;un s\u00fcper&#8230;<\/p>\n","protected":false},"author":2,"featured_media":919,"comment_status":"open","ping_status":"open","sticky":false,"template":"","format":"standard","meta":{"footnotes":""},"categories":[8,5,7],"tags":[],"class_list":["post-920","post","type-post","status-publish","format-standard","has-post-thumbnail","hentry","category-arsiv","category-son-dakika","category-spor"],"_links":{"self":[{"href":"https:\/\/eskigazeteci.com\/index.php?rest_route=\/wp\/v2\/posts\/920","targetHints":{"allow":["GET"]}}],"collection":[{"href":"https:\/\/eskigazeteci.com\/index.php?rest_route=\/wp\/v2\/posts"}],"about":[{"href":"https:\/\/eskigazeteci.com\/index.php?rest_route=\/wp\/v2\/types\/post"}],"author":[{"embeddable":true,"href":"https:\/\/eskigazeteci.com\/index.php?rest_route=\/wp\/v2\/users\/2"}],"replies":[{"embeddable":true,"href":"https:\/\/eskigazeteci.com\/index.php?rest_route=%2Fwp%2Fv2%2Fcomments&post=920"}],"version-history":[{"count":0,"href":"https:\/\/eskigazeteci.com\/index.php?rest_route=\/wp\/v2\/posts\/920\/revisions"}],"wp:featuredmedia":[{"embeddable":true,"href":"https:\/\/eskigazeteci.com\/index.php?rest_route=\/wp\/v2\/media\/919"}],"wp:attachment":[{"href":"https:\/\/eskigazeteci.com\/index.php?rest_route=%2Fwp%2Fv2%2Fmedia&parent=920"}],"wp:term":[{"taxonomy":"category","embeddable":true,"href":"https:\/\/eskigazeteci.com\/index.php?rest_route=%2Fwp%2Fv2%2Fcategories&post=920"},{"taxonomy":"post_tag","embeddable":true,"href":"https:\/\/eskigazeteci.com\/index.php?rest_route=%2Fwp%2Fv2%2Ftags&post=920"}],"curies":[{"name":"wp","href":"https:\/\/api.w.org\/{rel}","templated":true}]}}