{"id":92,"date":"2026-02-09T09:23:24","date_gmt":"2026-02-09T09:23:24","guid":{"rendered":"https:\/\/eskigazeteci.com\/?p=92"},"modified":"2026-02-09T09:23:24","modified_gmt":"2026-02-09T09:23:24","slug":"haber-21","status":"publish","type":"post","link":"https:\/\/eskigazeteci.com\/?p=92","title":{"rendered":"Haber"},"content":{"rendered":"<p>Ankara Bat\u0131kent \u015eehit Ramazan \u00c7a\u011flar Polis Merkezi Amirli\u011fi\u2019nde g\u00f6revli polis memuru Melih Okan Keskin, 2 \u015eubat\u2019ta saat 16.00\u2019daki randevusu i\u00e7in arac\u0131n\u0131 Yenimahalle\u2019deki ara\u00e7 muayene istasyonuna g\u00f6t\u00fcrd\u00fc. Keskin, arac\u0131n\u0131n stop lambas\u0131n\u0131n yanmad\u0131\u011f\u0131 gerek\u00e7esiyle muayeneden ge\u00e7emedi. \u0130stasyondaki yo\u011funlukta s\u0131ras\u0131n\u0131 beklerken arac\u0131 \u00e7al\u0131\u015ft\u0131r\u0131p lamban\u0131n yand\u0131\u011f\u0131n\u0131 g\u00f6revlilere g\u00f6steren Keskin, \u201cKameran\u0131n \u00f6n\u00fcnde yanmad\u0131, orada yanmas\u0131 \u00f6nemli de\u011fil. Hadi git yar\u0131n tekrar gel\u201d denilerek geri \u00e7evrildi.<\/p>\n<p>20-30 K\u0130\u015e\u0130 SALDIRDI<\/p>\n<p>Bunun \u00fczerine yetkili biriyle g\u00f6r\u00fc\u015fmek isteyen polis memuru, istasyondaki bir kad\u0131n g\u00f6revlinin yan\u0131na gitti\u011fi s\u0131rada ya\u015fanan \u2018a\u011f\u0131z dala\u015f\u0131\u2019 sonras\u0131 20-30 ki\u015filik bir grubun sald\u0131r\u0131s\u0131na u\u011frad\u0131. O anlar\u0131 hastanede bilinci hen\u00fcz a\u00e7\u0131kken e\u015fi Emel Keskin\u2019e anlatan Melih Okan Keskin, darp edildikten sonra polis ekiplerini aramak i\u00e7in ortamdan uzakla\u015fmaya \u00e7al\u0131\u015ft\u0131\u011f\u0131n\u0131, ancak bu s\u0131rada yeniden sald\u0131r\u0131ya u\u011frad\u0131\u011f\u0131n\u0131 s\u00f6yledi. Keskin, ikinci sald\u0131r\u0131 s\u0131ras\u0131nda bir arac\u0131n aya\u011f\u0131n\u0131n \u00fczerinden ge\u00e7ti\u011fini anlatt\u0131. Olay\u0131n ard\u0131ndan darp raporu almak i\u00e7in kendi imk\u00e2nlar\u0131yla Onkoloji Hastanesi\u2019ne giden Keskin\u2019e yap\u0131lan ilk m\u00fcdahalede durumun ciddiyeti anla\u015f\u0131ld\u0131. Ambulansla Gazi Hastanesi\u2019ne sevk edilen polis memuruna \u00e7ekilen tomografide beyin kanamas\u0131 ve beyinde kayma tespit edildi. Yap\u0131lan m\u00fcdahalenin ard\u0131ndan 3 \u015eubat Sal\u0131 gecesi ameliyata al\u0131nan ve operasyon sonras\u0131 ent\u00fcbe edilen 2 \u00e7ocuk babas\u0131 Keskin, yo\u011fun bak\u0131mda verdi\u011fi ya\u015fam m\u00fccadelesini 5 \u015eubat Per\u015fembe ak\u015fam\u0131 kaybetti. Keskin\u2019in hayat\u0131n\u0131 kaybetmesine neden olan kavgaya ili\u015fkin g\u00fcvenlik kameras\u0131 g\u00f6r\u00fcnt\u00fcleri de ortaya \u00e7\u0131kt\u0131. G\u00f6r\u00fcnt\u00fclerde, muayene istasyonu g\u00f6revlisinin Keskin\u2019in \u00fczerine otomobil s\u00fcrd\u00fc\u011f\u00fc, ard\u0131ndan yumruk att\u0131\u011f\u0131 g\u00f6r\u00fcld\u00fc. Daha sonra di\u011fer \u00e7al\u0131\u015fanlar\u0131n da polisin \u00fczerine y\u00fcr\u00fcd\u00fc\u011f\u00fc ve arbede ya\u015fand\u0131\u011f\u0131 anlar da g\u00f6r\u00fcnt\u00fcde yer ald\u0131.<\/p>\n<p>\u2018CANINI KURTARMAYA \u00c7ALI\u015eTI\u2019<\/p>\n<p>E\u015finin yard\u0131msever ve kimseye zarar\u0131 olmayan biri oldu\u011funu s\u00f6yleyen Emel Keskin, \u201cBenim e\u015fim 44 ya\u015f\u0131ndayd\u0131, iki \u00e7ocuk babas\u0131yd\u0131. \u00c7ok iyi bir insand\u0131. \u0130ki \u00e7ocu\u011fum babas\u0131z kald\u0131, benim yar\u0131m gitti\u201d s\u00f6zleriyle ac\u0131s\u0131n\u0131 dile getirdi. Emel Keskin, g\u00f6r\u00fcnt\u00fclerde \u00e7ok say\u0131da ki\u015finin yer ald\u0131\u011f\u0131n\u0131 savunarak t\u00fcm sorumlular\u0131n cezaland\u0131r\u0131lmas\u0131n\u0131 istedi. Emel Keskin, e\u015finin ya\u015fananlar\u0131 bilinci a\u00e7\u0131kken kendisine anlatt\u0131\u011f\u0131n\u0131, hastaneye kendi imk\u00e2nlar\u0131yla gitti\u011fini belirterek, \u201cE\u015fim ameliyata girerken benim elimden tutarak \u2018Seni seviyorum, kedine iyi bak, \u00e7ocuklar\u0131ma iyi bak\u2019 dedi. Benim e\u015fim elimi \u00f6pe \u00f6pe ameliyata girdi. Ama \u00e7\u0131kamad\u0131. E\u015fim olay yerinden ambulansla sevk edilmedi. Kimse taraf\u0131ndan ambulans \u00e7a\u011f\u0131r\u0131lmad\u0131. Kendi \u015fahsi arac\u0131m\u0131za binip hastaneye gitti. E\u015fim bir tane bile yumruk sallamam\u0131\u015f. Sadece kendini savunmaya alm\u0131\u015f. Can\u0131n\u0131 kurtarmaya \u00e7al\u0131\u015fm\u0131\u015f. Sadece yumruk atandan de\u011fil, oradaki herkesten \u015fik\u00e2yet\u00e7iyim.\u201d<\/p>\n<p>Melih Okan Keskin\u2019in cenazesi ge\u00e7en cuma g\u00fcn\u00fc Ankara\u2019da \u0130l Emniyet M\u00fcd\u00fcrl\u00fc\u011f\u00fc\u2019nde d\u00fczenlenen t\u00f6renin ard\u0131ndan g\u00f6zya\u015flar\u0131yla topra\u011fa verildi. Keskin\u2019in kesin \u00f6l\u00fcm nedeni ise Adli T\u0131p Kurumu\u2019nun otopsi raporu sonras\u0131 netlik kazanacak. Keskin\u2019in \u00f6l\u00fcm\u00fcyle ilgili Ankara Cumhuriyet Ba\u015fsavc\u0131l\u0131\u011f\u0131 taraf\u0131ndan ba\u015flat\u0131lan soru\u015fturma kapsam\u0131nda, olaya kar\u0131\u015fan \u015f\u00fcphelilerden S.A. ve M.Y. tutuklanarak cezaevine g\u00f6nderildi, Y.K. ise adli kontrol \u015fart\u0131yla serbest b\u0131rak\u0131ld\u0131.<\/p>\n<p>OLAY T\u00dcM Y\u00d6NLER\u0130YLE ARA\u015eTIRILIYOR<\/p>\n<p>Emniyet Genel M\u00fcd\u00fcrl\u00fc\u011f\u00fc (EGM), polis memuru Melih Okan Keskin\u2019in hayat\u0131n\u0131 kaybetti\u011fi ara\u00e7 muayene istasyonundaki olay\u0131 t\u00fcm y\u00f6nleriyle ara\u015ft\u0131rmak i\u00e7in polis ba\u015fm\u00fcfetti\u015fi g\u00f6revlendirdi. Adalet Bakan\u0131 Y\u0131lmaz Tun\u00e7, sosyal medya hesab\u0131ndan, soru\u015fturma titizlikle s\u00fcrd\u00fcr\u00fcld\u00fc\u011f\u00fcn\u00fc a\u00e7\u0131klad\u0131. \u0130\u00e7i\u015fleri Bakan\u0131 Ali Yerlikaya, hayat\u0131n\u0131 kaybeden polis memuru Melih Okan Keskin i\u00e7in ba\u015fsa\u011fl\u0131\u011f\u0131 diledi.<\/p>\n<p>\u0130FADELER\u0130 ORTAYA \u00c7IKTI: SALDIRACAK SANDIM YUMRUK ATTIM<\/p>\n<p>Polis memuru Melih Okan Keskin\u2019in ara\u00e7 muayene istasyonundaki kavgada hayat\u0131n\u0131 kaybetti\u011fi olaya ili\u015fkin g\u00f6zalt\u0131na al\u0131n\u0131p 2\u2019si tutuklanan 1\u2019i de adli kontrolle serbest b\u0131rak\u0131lan 3 \u015f\u00fcphelinin ifadeleri ortaya \u00e7\u0131kt\u0131.<\/p>\n<p>Tutuklanan iki ki\u015fiden S.A., olay an\u0131na ili\u015fkin, \u201cTart\u0131\u015fma \u00e7\u0131kt\u0131ktan sonra arabay\u0131 d\u0131\u015far\u0131 \u00e7\u0131kart\u0131rken 2-3 kez kornaya bast\u0131m. Ara\u00e7tan inerken \u015fah\u0131s bana, \u2018Beni mi ezeceksin?\u2019 diyerek sinkafl\u0131 k\u00fcfretti. \u015eahs\u0131n bana sald\u0131raca\u011f\u0131n\u0131 d\u00fc\u015f\u00fcnerek yumruk att\u0131m\u201d dedi.<\/p>\n<p>\u2018YAKLA\u015eTIM VE \u0130TT\u0130M\u2019<\/p>\n<p>Tutuklanan M.Y. ise ifadesinde, \u201c\u00c7al\u0131\u015fma arkada\u015flar\u0131m k\u00fcfreden adam\u0131n \u00fczerine do\u011fru y\u00fcr\u00fcd\u00fc. Ben de bu esnada arkada\u015flar\u0131m\u0131n sa\u011f\u0131ndan, adam\u0131n da solundan ortalama bir h\u0131zla adama yakla\u015ft\u0131m ve ittim. \u0130ttikten sonra arkada\u015flar\u0131m ka\u00e7 ki\u015fi oldu, tam tahmin edemiyorum, kalabal\u0131kt\u0131k. Olay\u0131n heyecan\u0131yla \u00e7al\u0131\u015fma arkada\u015flar\u0131mdan kim kiminle kavga etti, kim kimi itti hat\u0131rlam\u0131yorum. Ben \u00f6len Melih Okan Keskin\u2019i daha \u00f6nce hi\u00e7 g\u00f6rmedim, tan\u0131mam. Olay g\u00fcn\u00fc ona zarar verecek veya \u00f6ld\u00fcrecek herhangi bir \u015fey yapmad\u0131m, neden \u00f6ld\u00fc\u011f\u00fcn\u00fc bilmiyorum. Ben Melih Okan Keskin\u2019i kesinlikle darp etmedim\u201d dedi. Adli kontrolle serbest kalan Y.K. ise olay g\u00fcn\u00fc bir tart\u0131\u015fma ya\u015fand\u0131\u011f\u0131n\u0131 ve kar\u015f\u0131l\u0131kl\u0131 hakaretle\u015fmeler oldu\u011funu, ancak kendisinin olay\u0131n i\u00e7erisinde hi\u00e7 bulunmad\u0131\u011f\u0131n\u0131 iddia etti.<\/p>\n<p>T\u00dcVT\u00dcRK\u2019TEN A\u00c7IKLAMA: OLAYA KARI\u015eANLAR \u0130\u015eTEN \u00c7IKARTILDI<\/p>\n<p>T\u00dcVT\u00dcRK , Ankara\u2019da ara\u00e7 muayene istasyonundaki kavga sonras\u0131 polis memuru Melih Okan Keskin \u2019in hayat\u0131n\u0131 kaybetti\u011fi olayla ilgili tespit edilen di\u011fer \u00e7al\u0131\u015fanlar\u0131n da i\u015f akitlerinin feshedildi\u011fini bildirdi. T\u00dcVT\u00dcRK\u2019ten yap\u0131lan a\u00e7\u0131klamada, 2 \u015eubat\u2019ta Ankara \u0130vedik Ara\u00e7 Muayene \u0130stasyonunda ya\u015fanan ve polis memuru Keskin\u2019in vefat\u0131yla sonu\u00e7lanan olay nedeniyle derin bir \u00fcz\u00fcnt\u00fc ya\u015fand\u0131\u011f\u0131 belirtildi. Meselenin her y\u00f6n\u00fcyle a\u00e7\u0131kl\u0131\u011fa kavu\u015fturulmas\u0131 i\u00e7in yo\u011fun ve titiz bir \u00e7al\u0131\u015fma y\u00fcr\u00fct\u00fcld\u00fc\u011f\u00fc vurgulanan a\u00e7\u0131klamada, olay\u0131n ard\u0131ndan hi\u00e7bir ko\u015fulda \u015fiddet i\u00e7eren davran\u0131\u015flara m\u00fcsamaha g\u00f6stermeme ilkesinin bir gere\u011fi olarak merhum polis memuruna sald\u0131r\u0131y\u0131 ger\u00e7ekle\u015ftiren \u00e7al\u0131\u015fan\u0131n i\u015f akdinin feshedildi\u011fi an\u0131msat\u0131ld\u0131.<\/p>\n<p>T\u00fcrkiye g\u00fcndeminden son dakika haberleri, bug\u00fcn ya\u015fanan en son geli\u015fmeler, siyaset g\u00fcndeminden g\u00fcncel haberler ve b\u00fct\u00fcn son dakika haberleri i\u00e7in H\u00fcrriyet&#x27;in internet haber sitesi hurriyet.com.tr; Hurriyet.com.tr haber i\u00e7erikleri kaynak g\u00f6sterilmeden al\u0131nt\u0131 yap\u0131lamaz, Kanuna ayk\u0131r\u0131 ve izinsiz olarak kopyalanamaz, ba\u015fka yerde yay\u0131nlanamaz.<\/p>\n","protected":false},"excerpt":{"rendered":"<p>Ankara\u2019daki ara\u00e7 muayene istasyonunda 20-30 ki\u015filik grubun sald\u0131r\u0131s\u0131na u\u011fray\u0131p, ara\u00e7la aya\u011f\u0131 ezilen polis memuru Melih Okan Keskin\u2019in beyin kanamas\u0131 sonucu&#8230;<\/p>\n","protected":false},"author":2,"featured_media":91,"comment_status":"open","ping_status":"open","sticky":false,"template":"","format":"standard","meta":{"footnotes":""},"categories":[8,3],"tags":[],"class_list":["post-92","post","type-post","status-publish","format-standard","has-post-thumbnail","hentry","category-arsiv","category-siyaset"],"_links":{"self":[{"href":"https:\/\/eskigazeteci.com\/index.php?rest_route=\/wp\/v2\/posts\/92","targetHints":{"allow":["GET"]}}],"collection":[{"href":"https:\/\/eskigazeteci.com\/index.php?rest_route=\/wp\/v2\/posts"}],"about":[{"href":"https:\/\/eskigazeteci.com\/index.php?rest_route=\/wp\/v2\/types\/post"}],"author":[{"embeddable":true,"href":"https:\/\/eskigazeteci.com\/index.php?rest_route=\/wp\/v2\/users\/2"}],"replies":[{"embeddable":true,"href":"https:\/\/eskigazeteci.com\/index.php?rest_route=%2Fwp%2Fv2%2Fcomments&post=92"}],"version-history":[{"count":0,"href":"https:\/\/eskigazeteci.com\/index.php?rest_route=\/wp\/v2\/posts\/92\/revisions"}],"wp:featuredmedia":[{"embeddable":true,"href":"https:\/\/eskigazeteci.com\/index.php?rest_route=\/wp\/v2\/media\/91"}],"wp:attachment":[{"href":"https:\/\/eskigazeteci.com\/index.php?rest_route=%2Fwp%2Fv2%2Fmedia&parent=92"}],"wp:term":[{"taxonomy":"category","embeddable":true,"href":"https:\/\/eskigazeteci.com\/index.php?rest_route=%2Fwp%2Fv2%2Fcategories&post=92"},{"taxonomy":"post_tag","embeddable":true,"href":"https:\/\/eskigazeteci.com\/index.php?rest_route=%2Fwp%2Fv2%2Ftags&post=92"}],"curies":[{"name":"wp","href":"https:\/\/api.w.org\/{rel}","templated":true}]}}