{"id":916,"date":"2026-02-10T17:09:47","date_gmt":"2026-02-10T17:09:47","guid":{"rendered":"https:\/\/eskigazeteci.com\/?p=916"},"modified":"2026-02-10T17:09:47","modified_gmt":"2026-02-10T17:09:47","slug":"izmirde-feto-operasyonu-12-gozalti","status":"publish","type":"post","link":"https:\/\/eskigazeteci.com\/?p=916","title":{"rendered":"\u0130zmir&#8217;de FET\u00d6 operasyonu: 12 g\u00f6zalt\u0131"},"content":{"rendered":"<p>\u0130zmir Cumhuriyet Ba\u015fsavc\u0131l\u0131\u011f\u0131 koordinesindeki Ter\u00f6rle M\u00fccadele \u015eube M\u00fcd\u00fcrl\u00fc\u011f\u00fc ve \u0130stihbarat \u015eube M\u00fcd\u00fcrl\u00fc\u011f\u00fc taraf\u0131ndan Fetullah\u00e7\u0131 Ter\u00f6r \u00d6rg\u00fct\u00fcn\u00fcn (FET\u00d6) &#x27;G\u00fcncel Yap\u0131lanma&#x27; faaliyetlerinin de\u015fifre edilmesine y\u00f6nelik \u00e7al\u0131\u015fma yap\u0131ld\u0131.<\/p>\n<p>Ara\u015ft\u0131rmalar\u0131n ard\u0131ndan bug\u00fcn belirlenen \u015f\u00fcphelilere y\u00f6nelik operasyon d\u00fczenlendi. Adreslerde bulunan FET\u00d6 \u015f\u00fcphelisi 12 ki\u015fi g\u00f6zalt\u0131na al\u0131nd\u0131.<\/p>\n<p>Emniyete g\u00f6t\u00fcr\u00fclen \u015f\u00fcphelilerin i\u015flemleri s\u00fcr\u00fcyor.<\/p>\n<p>T\u00fcrkiye g\u00fcndeminden son dakika haberleri, bug\u00fcn ya\u015fanan en son geli\u015fmeler, siyaset g\u00fcndeminden g\u00fcncel haberler ve b\u00fct\u00fcn son dakika haberleri i\u00e7in H\u00fcrriyet&#x27;in internet haber sitesi hurriyet.com.tr; Hurriyet.com.tr haber i\u00e7erikleri kaynak g\u00f6sterilmeden al\u0131nt\u0131 yap\u0131lamaz, Kanuna ayk\u0131r\u0131 ve izinsiz olarak kopyalanamaz, ba\u015fka yerde yay\u0131nlanamaz.<\/p>\n","protected":false},"excerpt":{"rendered":"<p>\u0130zmir&#8217;de, polis ekipleri taraf\u0131ndan Fetullah\u00e7\u0131 Ter\u00f6r \u00d6rg\u00fct\u00fcne (FET\u00d6) y\u00f6nelik ger\u00e7ekle\u015ftirilen operasyonda 12 \u015f\u00fcpheli yakalanarak, g\u00f6zalt\u0131na al\u0131nd\u0131.<\/p>\n","protected":false},"author":2,"featured_media":915,"comment_status":"open","ping_status":"open","sticky":false,"template":"","format":"standard","meta":{"footnotes":""},"categories":[8,6,5],"tags":[],"class_list":["post-916","post","type-post","status-publish","format-standard","has-post-thumbnail","hentry","category-arsiv","category-gundem","category-son-dakika"],"_links":{"self":[{"href":"https:\/\/eskigazeteci.com\/index.php?rest_route=\/wp\/v2\/posts\/916","targetHints":{"allow":["GET"]}}],"collection":[{"href":"https:\/\/eskigazeteci.com\/index.php?rest_route=\/wp\/v2\/posts"}],"about":[{"href":"https:\/\/eskigazeteci.com\/index.php?rest_route=\/wp\/v2\/types\/post"}],"author":[{"embeddable":true,"href":"https:\/\/eskigazeteci.com\/index.php?rest_route=\/wp\/v2\/users\/2"}],"replies":[{"embeddable":true,"href":"https:\/\/eskigazeteci.com\/index.php?rest_route=%2Fwp%2Fv2%2Fcomments&post=916"}],"version-history":[{"count":0,"href":"https:\/\/eskigazeteci.com\/index.php?rest_route=\/wp\/v2\/posts\/916\/revisions"}],"wp:featuredmedia":[{"embeddable":true,"href":"https:\/\/eskigazeteci.com\/index.php?rest_route=\/wp\/v2\/media\/915"}],"wp:attachment":[{"href":"https:\/\/eskigazeteci.com\/index.php?rest_route=%2Fwp%2Fv2%2Fmedia&parent=916"}],"wp:term":[{"taxonomy":"category","embeddable":true,"href":"https:\/\/eskigazeteci.com\/index.php?rest_route=%2Fwp%2Fv2%2Fcategories&post=916"},{"taxonomy":"post_tag","embeddable":true,"href":"https:\/\/eskigazeteci.com\/index.php?rest_route=%2Fwp%2Fv2%2Ftags&post=916"}],"curies":[{"name":"wp","href":"https:\/\/api.w.org\/{rel}","templated":true}]}}