{"id":914,"date":"2026-02-10T17:08:13","date_gmt":"2026-02-10T17:08:13","guid":{"rendered":"https:\/\/eskigazeteci.com\/?p=914"},"modified":"2026-02-10T17:08:13","modified_gmt":"2026-02-10T17:08:13","slug":"forkliftle-kuyumcu-soyup-esekle-kacan-supheli-yakalandi-o-anlar-kameraya-boyle-yansidi","status":"publish","type":"post","link":"https:\/\/eskigazeteci.com\/?p=914","title":{"rendered":"Forkliftle kuyumcu soyup e\u015fekle ka\u00e7an \u015f\u00fcpheli yakaland\u0131\u2026 O anlar kameraya b\u00f6yle yans\u0131d\u0131"},"content":{"rendered":"<p>Olay, d\u00fcn sabaha kar\u015f\u0131 saat 04.00 s\u0131ralar\u0131nda Melikgazi il\u00e7esi \u0130ldem Cumhuriyet Mahallesi Tekin Sokak&#x27;taki kuyumcu d\u00fckkan\u0131nda meydana geldi. M.\u00c7. (26), \u00e7al\u0131nt\u0131 forkliftle kuyumcu d\u00fckkan\u0131n\u0131n \u00f6n\u00fcne geldi. D\u00fckkan\u0131n kepenklerini forkliftle k\u0131ran \u015f\u00fcpheli, i\u00e7eri girerek 150 gram ziynet e\u015fyas\u0131 \u00e7ald\u0131. Alarm devreye girerken, olay yerine \u00e7ok say\u0131da polis ekibi sevk edildi. Polis ekipleri, olay yerinden ka\u00e7an \u015f\u00fcphelinin yakalanmas\u0131na y\u00f6nelik \u00e7al\u0131\u015fma ba\u015flatt\u0131.<\/p>\n<p>150 GRAM ALTIN \u00c7ALDI<\/p>\n<p>\u0130l Emniyet M\u00fcd\u00fcrl\u00fc\u011f\u00fc Asayi\u015f \u015eube M\u00fcd\u00fcrl\u00fc\u011f\u00fc H\u0131rs\u0131zl\u0131k ve Yankesicilik B\u00fcro Amirli\u011fi ekipleri, saha \u00e7al\u0131\u015fmas\u0131 ve kamera incelemesi sonucu \u015f\u00fcphelinin M.\u00c7. oldu\u011funu belirledi. G\u00f6zalt\u0131na al\u0131nan M.\u00c7., emniyetteki i\u015flemlerinin ard\u0131ndan tutuklanarak cezaevine g\u00f6nderildi. Topra\u011fa g\u00f6m\u00fcl\u00fc halde bulunan 150 gram alt\u0131n ise sahibine teslim edildi.<\/p>\n<p>\u00d6te yandan olay an\u0131 g\u00fcvenlik kameras\u0131na yans\u0131d\u0131. G\u00f6r\u00fcnt\u00fclerde M.\u00c7.\u2019nin forkliftle kuyumcunun kepengini k\u0131rd\u0131\u011f\u0131 ve i\u00e7eri girdi\u011fi g\u00f6r\u00fcld\u00fc. Kuyumcudan ziynet e\u015fyas\u0131 \u00e7alan \u015f\u00fcphelinin, olay yerinden e\u015fekle uzakla\u015ft\u0131\u011f\u0131 anlar da g\u00f6r\u00fcnt\u00fclere yans\u0131d\u0131.<\/p>\n<p>T\u00fcrkiye g\u00fcndeminden son dakika haberleri, bug\u00fcn ya\u015fanan en son geli\u015fmeler, siyaset g\u00fcndeminden g\u00fcncel haberler ve b\u00fct\u00fcn son dakika haberleri&#8230;<\/p>\n","protected":false},"excerpt":{"rendered":"<p>KAYSER\u0130\u2019de forkliftle kepenklerini k\u0131rarak i\u00e7eri girdi\u011fi kuyumcu d\u00fckkan\u0131n\u0131 soyup, olay yerinden e\u015fekle uzakla\u015fan \u015f\u00fcpheli, polis taraf\u0131ndan yakaland\u0131. O&#8230;<\/p>\n","protected":false},"author":2,"featured_media":913,"comment_status":"open","ping_status":"open","sticky":false,"template":"","format":"standard","meta":{"footnotes":""},"categories":[8,6,5],"tags":[],"class_list":["post-914","post","type-post","status-publish","format-standard","has-post-thumbnail","hentry","category-arsiv","category-gundem","category-son-dakika"],"_links":{"self":[{"href":"https:\/\/eskigazeteci.com\/index.php?rest_route=\/wp\/v2\/posts\/914","targetHints":{"allow":["GET"]}}],"collection":[{"href":"https:\/\/eskigazeteci.com\/index.php?rest_route=\/wp\/v2\/posts"}],"about":[{"href":"https:\/\/eskigazeteci.com\/index.php?rest_route=\/wp\/v2\/types\/post"}],"author":[{"embeddable":true,"href":"https:\/\/eskigazeteci.com\/index.php?rest_route=\/wp\/v2\/users\/2"}],"replies":[{"embeddable":true,"href":"https:\/\/eskigazeteci.com\/index.php?rest_route=%2Fwp%2Fv2%2Fcomments&post=914"}],"version-history":[{"count":0,"href":"https:\/\/eskigazeteci.com\/index.php?rest_route=\/wp\/v2\/posts\/914\/revisions"}],"wp:featuredmedia":[{"embeddable":true,"href":"https:\/\/eskigazeteci.com\/index.php?rest_route=\/wp\/v2\/media\/913"}],"wp:attachment":[{"href":"https:\/\/eskigazeteci.com\/index.php?rest_route=%2Fwp%2Fv2%2Fmedia&parent=914"}],"wp:term":[{"taxonomy":"category","embeddable":true,"href":"https:\/\/eskigazeteci.com\/index.php?rest_route=%2Fwp%2Fv2%2Fcategories&post=914"},{"taxonomy":"post_tag","embeddable":true,"href":"https:\/\/eskigazeteci.com\/index.php?rest_route=%2Fwp%2Fv2%2Ftags&post=914"}],"curies":[{"name":"wp","href":"https:\/\/api.w.org\/{rel}","templated":true}]}}