{"id":912,"date":"2026-02-10T17:06:41","date_gmt":"2026-02-10T17:06:41","guid":{"rendered":"https:\/\/eskigazeteci.com\/?p=912"},"modified":"2026-02-10T17:06:41","modified_gmt":"2026-02-10T17:06:41","slug":"ersoy-ve-weimer-kultur-ve-turizm-bakani-mezuniyeti-gobeklitepe-ve-tas-tepeleri","status":"publish","type":"post","link":"https:\/\/eskigazeteci.com\/?p=912","title":{"rendered":"Ersoy ve Weimer: K\u00fclt\u00fcr ve Turizm Bakan\u0131 Mezuniyeti G\u00f6beklitepe ve Ta\u015f Tepeleri"},"content":{"rendered":"<p>Ersoy ve Weimer, 20 Ocak&#x27;tan beri T\u00fcrkiye&#x27;de d\u00fczenlenen bir k\u00fclt\u00fcr ve turizm konferans\u0131 s\u0131ras\u0131nda ortaya \u00e7\u0131kan \u00f6nemli bir mezuniyetle bulu\u015ftu. Bu mezuniyetin temas\u0131 ise G\u00f6beklitepe ve Ta\u015f Tepeler&#x27;in 12 bin y\u0131ll\u0131k insanl\u0131k miras\u0131n\u0131n Avrupa&#x27;n\u0131n kalbine ta\u015f\u0131yan \u00f6nemli bir sergiye olan &#x27;G\u00f6beklitepe Arkeoloji Sekt\u00f6r\u00fc&#x27; taraf\u0131ndan d\u00fczenlenmesidir.<\/p>\n","protected":false},"excerpt":{"rendered":"<p>K\u00fclt\u00fcr ve Turizm Bakan\u0131 Mehmet Nuri Ersoy, G\u00f6beklitepe ve Ta\u015f Tepeler&#8217;in 12 bin y\u0131ll\u0131k insanl\u0131k miras\u0131n\u0131 Avrupa&#8217;n\u0131n kalbine ta\u015f\u0131yan \u00f6nemli bir sergiye&#8230;<\/p>\n","protected":false},"author":2,"featured_media":911,"comment_status":"open","ping_status":"open","sticky":false,"template":"","format":"standard","meta":{"footnotes":""},"categories":[8,6,5],"tags":[],"class_list":["post-912","post","type-post","status-publish","format-standard","has-post-thumbnail","hentry","category-arsiv","category-gundem","category-son-dakika"],"_links":{"self":[{"href":"https:\/\/eskigazeteci.com\/index.php?rest_route=\/wp\/v2\/posts\/912","targetHints":{"allow":["GET"]}}],"collection":[{"href":"https:\/\/eskigazeteci.com\/index.php?rest_route=\/wp\/v2\/posts"}],"about":[{"href":"https:\/\/eskigazeteci.com\/index.php?rest_route=\/wp\/v2\/types\/post"}],"author":[{"embeddable":true,"href":"https:\/\/eskigazeteci.com\/index.php?rest_route=\/wp\/v2\/users\/2"}],"replies":[{"embeddable":true,"href":"https:\/\/eskigazeteci.com\/index.php?rest_route=%2Fwp%2Fv2%2Fcomments&post=912"}],"version-history":[{"count":0,"href":"https:\/\/eskigazeteci.com\/index.php?rest_route=\/wp\/v2\/posts\/912\/revisions"}],"wp:featuredmedia":[{"embeddable":true,"href":"https:\/\/eskigazeteci.com\/index.php?rest_route=\/wp\/v2\/media\/911"}],"wp:attachment":[{"href":"https:\/\/eskigazeteci.com\/index.php?rest_route=%2Fwp%2Fv2%2Fmedia&parent=912"}],"wp:term":[{"taxonomy":"category","embeddable":true,"href":"https:\/\/eskigazeteci.com\/index.php?rest_route=%2Fwp%2Fv2%2Fcategories&post=912"},{"taxonomy":"post_tag","embeddable":true,"href":"https:\/\/eskigazeteci.com\/index.php?rest_route=%2Fwp%2Fv2%2Ftags&post=912"}],"curies":[{"name":"wp","href":"https:\/\/api.w.org\/{rel}","templated":true}]}}