{"id":904,"date":"2026-02-10T16:45:17","date_gmt":"2026-02-10T16:45:17","guid":{"rendered":"https:\/\/eskigazeteci.com\/?p=904"},"modified":"2026-02-10T16:45:17","modified_gmt":"2026-02-10T16:45:17","slug":"ab-rusyadan-talep-edecekleri-tavizleri-iceren-liste-hazirladi","status":"publish","type":"post","link":"https:\/\/eskigazeteci.com\/?p=904","title":{"rendered":"AB, Rusya&#8217;dan talep edecekleri tavizleri i\u00e7eren liste haz\u0131rlad\u0131"},"content":{"rendered":"<p>AB D\u0131\u015f \u0130li\u015fkiler ve G\u00fcvenlik Politikalar\u0131 Y\u00fcksek Temsilcisi Kaja Kallas, Bel\u00e7ika &#x27;n\u0131n ba\u015fkenti Br\u00fcksel&#x27;de bas\u0131n mensuplar\u0131na yapt\u0131\u011f\u0131 a\u00e7\u0131klamada, Ukrayna&#x27;da bar\u0131\u015fa ula\u015f\u0131labilmesi i\u00e7in anla\u015fmaya Avrupal\u0131lar\u0131n da destek vermesi gerekti\u011fini ve bunun i\u00e7in Rusya&#x27;dan talepleri olaca\u011f\u0131n\u0131 ifade etti. Kallas, Rusya&#x27;n\u0131n bar\u0131\u015f g\u00f6r\u00fc\u015fmelerinde ciddi olmad\u0131\u011f\u0131n\u0131 vurgulayarak, &quot;Ruslar\u0131n g\u00f6r\u00fc\u015fmeler s\u0131ras\u0131nda bombard\u0131man\u0131 yo\u011funla\u015ft\u0131rd\u0131klar\u0131na \u015fahit olduk&quot; dedi.<\/p>\n<p>Avrupa Birli\u011fi&#x27;nin ABD&#x27;nin bar\u0131\u015fa ula\u015f\u0131lmas\u0131 i\u00e7in y\u00fcr\u00fctt\u00fc\u011f\u00fc diplomatik \u00e7abalar i\u00e7in minnettar oldu\u011funu vurgulayan Kallas, &quot;Fakat Ruslar ve Amerikal\u0131lar da dahil olmak \u00fczere masadaki herkesin, s\u00fcrd\u00fcr\u00fclebilir bir bar\u0131\u015fa ula\u015f\u0131lmas\u0131 i\u00e7in bunu Avrupal\u0131lar\u0131n da kabul etmesi gerekti\u011fini anlamalar\u0131 gerekiyor&quot; dedi.<\/p>\n<p>&quot;B\u0130Z\u0130M DE \u015eARTLARIMIZ VAR&quot; &quot;Bizim de \u015fartlar\u0131m\u0131z var&quot; ifadelerini kullanan Kallas, &quot;Bu \u015fartlar\u0131 da zaten \u00e7ok fazla bask\u0131 alt\u0131nda kalm\u0131\u015f olan Ukraynal\u0131lar\u0131n de\u011fil, Ruslar\u0131n \u00f6n\u00fcne s\u00fcrmeliyiz&quot; ifadelerini kulland\u0131. Kallas, Avrupa&#x27;n\u0131n \u00f6ne s\u00fcrd\u00fc\u011f\u00fc \u015fartlardan olu\u015facak listenin muhtemelen Ukrayna&#x27;dan ka\u00e7\u0131r\u0131lan \u00e7ocuklar\u0131n iadesi ve sava\u015f sonras\u0131nda Rusya Silahl\u0131 Kuvvetleri&#x27;nin personel say\u0131s\u0131na \u00fcst s\u0131n\u0131r getirilmesini i\u00e7erebilece\u011fini s\u00f6yledi&#8230;.<\/p>\n","protected":false},"excerpt":{"rendered":"<p>Avrupa Birli\u011fi (AB) D\u0131\u015f \u0130li\u015fkiler ve G\u00fcvenlik Politikalar\u0131 Y\u00fcksek Temsilcisi Kaja Kallas, Avrupa&#8217;n\u0131n Ukrayna&#8217;da ula\u015f\u0131lacak bir bar\u0131\u015f\u0131 kabul etmek i\u00e7in&#8230;<\/p>\n","protected":false},"author":2,"featured_media":903,"comment_status":"open","ping_status":"open","sticky":false,"template":"","format":"standard","meta":{"footnotes":""},"categories":[8,6,5],"tags":[],"class_list":["post-904","post","type-post","status-publish","format-standard","has-post-thumbnail","hentry","category-arsiv","category-gundem","category-son-dakika"],"_links":{"self":[{"href":"https:\/\/eskigazeteci.com\/index.php?rest_route=\/wp\/v2\/posts\/904","targetHints":{"allow":["GET"]}}],"collection":[{"href":"https:\/\/eskigazeteci.com\/index.php?rest_route=\/wp\/v2\/posts"}],"about":[{"href":"https:\/\/eskigazeteci.com\/index.php?rest_route=\/wp\/v2\/types\/post"}],"author":[{"embeddable":true,"href":"https:\/\/eskigazeteci.com\/index.php?rest_route=\/wp\/v2\/users\/2"}],"replies":[{"embeddable":true,"href":"https:\/\/eskigazeteci.com\/index.php?rest_route=%2Fwp%2Fv2%2Fcomments&post=904"}],"version-history":[{"count":0,"href":"https:\/\/eskigazeteci.com\/index.php?rest_route=\/wp\/v2\/posts\/904\/revisions"}],"wp:featuredmedia":[{"embeddable":true,"href":"https:\/\/eskigazeteci.com\/index.php?rest_route=\/wp\/v2\/media\/903"}],"wp:attachment":[{"href":"https:\/\/eskigazeteci.com\/index.php?rest_route=%2Fwp%2Fv2%2Fmedia&parent=904"}],"wp:term":[{"taxonomy":"category","embeddable":true,"href":"https:\/\/eskigazeteci.com\/index.php?rest_route=%2Fwp%2Fv2%2Fcategories&post=904"},{"taxonomy":"post_tag","embeddable":true,"href":"https:\/\/eskigazeteci.com\/index.php?rest_route=%2Fwp%2Fv2%2Ftags&post=904"}],"curies":[{"name":"wp","href":"https:\/\/api.w.org\/{rel}","templated":true}]}}