{"id":902,"date":"2026-02-10T16:37:07","date_gmt":"2026-02-10T16:37:07","guid":{"rendered":"https:\/\/eskigazeteci.com\/?p=902"},"modified":"2026-02-10T16:37:07","modified_gmt":"2026-02-10T16:37:07","slug":"menajer-ayse-barim","status":"publish","type":"post","link":"https:\/\/eskigazeteci.com\/?p=902","title":{"rendered":"Menajer Ay\u015fe Bar\u0131m"},"content":{"rendered":"<p>H\u00fck\u00fcmetin menajeri Ay\u015fe Bar\u0131m hakk\u0131nda H\u00fck\u00fcme Ortadan Kald\u0131rma (HOKK) su\u00e7lamas\u0131yla a\u011f\u0131rla\u015ft\u0131r\u0131lm\u0131\u015f m\u00fcbecet hapis talep edildi.<\/p>\n","protected":false},"excerpt":{"rendered":"<p>H\u00fck\u00fcme ortadan kalanma su\u00e7lamas\u0131yla a\u011f\u0131rla\u015ft\u0131r\u0131lm\u0131\u015f m\u00fcbecet hapis talep edildi<\/p>\n","protected":false},"author":2,"featured_media":901,"comment_status":"open","ping_status":"open","sticky":false,"template":"","format":"standard","meta":{"footnotes":""},"categories":[8,6,5],"tags":[],"class_list":["post-902","post","type-post","status-publish","format-standard","has-post-thumbnail","hentry","category-arsiv","category-gundem","category-son-dakika"],"_links":{"self":[{"href":"https:\/\/eskigazeteci.com\/index.php?rest_route=\/wp\/v2\/posts\/902","targetHints":{"allow":["GET"]}}],"collection":[{"href":"https:\/\/eskigazeteci.com\/index.php?rest_route=\/wp\/v2\/posts"}],"about":[{"href":"https:\/\/eskigazeteci.com\/index.php?rest_route=\/wp\/v2\/types\/post"}],"author":[{"embeddable":true,"href":"https:\/\/eskigazeteci.com\/index.php?rest_route=\/wp\/v2\/users\/2"}],"replies":[{"embeddable":true,"href":"https:\/\/eskigazeteci.com\/index.php?rest_route=%2Fwp%2Fv2%2Fcomments&post=902"}],"version-history":[{"count":0,"href":"https:\/\/eskigazeteci.com\/index.php?rest_route=\/wp\/v2\/posts\/902\/revisions"}],"wp:featuredmedia":[{"embeddable":true,"href":"https:\/\/eskigazeteci.com\/index.php?rest_route=\/wp\/v2\/media\/901"}],"wp:attachment":[{"href":"https:\/\/eskigazeteci.com\/index.php?rest_route=%2Fwp%2Fv2%2Fmedia&parent=902"}],"wp:term":[{"taxonomy":"category","embeddable":true,"href":"https:\/\/eskigazeteci.com\/index.php?rest_route=%2Fwp%2Fv2%2Fcategories&post=902"},{"taxonomy":"post_tag","embeddable":true,"href":"https:\/\/eskigazeteci.com\/index.php?rest_route=%2Fwp%2Fv2%2Ftags&post=902"}],"curies":[{"name":"wp","href":"https:\/\/api.w.org\/{rel}","templated":true}]}}