{"id":898,"date":"2026-02-10T16:35:18","date_gmt":"2026-02-10T16:35:18","guid":{"rendered":"https:\/\/eskigazeteci.com\/?p=898"},"modified":"2026-02-10T16:35:18","modified_gmt":"2026-02-10T16:35:18","slug":"imzalar-atildi-azerbaycan-ve-abd-arasinda-onemli-anlasma","status":"publish","type":"post","link":"https:\/\/eskigazeteci.com\/?p=898","title":{"rendered":"\u0130mzalar at\u0131ld\u0131\u2026 Azerbaycan ve ABD aras\u0131nda \u00f6nemli anla\u015fma"},"content":{"rendered":"<p>Vance, resmi temaslarda bulunmak i\u00e7in geldi\u011fi Azerbaycan&#x27;da Cumhurba\u015fkan\u0131 \u0130lham Aliyev&#x27;le g\u00f6r\u00fc\u015ft\u00fc. Resmi kar\u015f\u0131lama t\u00f6reninin ard\u0131ndan Aliyev ve Vance ikili ve heyetler aras\u0131 g\u00f6r\u00fc\u015fmeler ger\u00e7ekle\u015ftirdi.<\/p>\n<p>G\u00f6r\u00fc\u015fmenin ard\u0131ndan Aliyev ve Vance, &quot;Azerbaycan H\u00fck\u00fcmeti ile Amerika Birle\u015fik Devletleri H\u00fck\u00fcmeti Aras\u0131nda Stratejik Ortakl\u0131k \u015eart\u0131&quot;na imza att\u0131.<\/p>\n<p>Aliyev, t\u00f6ren sonras\u0131nda yapt\u0131\u011f\u0131 konu\u015fmada, &quot;d\u00fcnyan\u0131n en g\u00fc\u00e7l\u00fc devleti olan ABD ile stratejik ortakl\u0131k kurmaktan b\u00fcy\u00fck onur duyduklar\u0131n\u0131&quot; s\u00f6yledi.<\/p>\n<p>Kafkasya&#x27;da bar\u0131\u015f\u0131n sa\u011flanmas\u0131na sunduklar\u0131 katk\u0131lar dolay\u0131s\u0131yla ABD Ba\u015fkan\u0131 Donald Trump&#x27;a ve Ba\u015fkan Yard\u0131mc\u0131s\u0131 Vance&#x27;e te\u015fekk\u00fcr eden Aliyev, Azerbaycan ve Ermenistan&#x27;\u0131n 8 A\u011fustos 2025&#x27;te Trump&#x27;\u0131n \u015fahitli\u011finde bar\u0131\u015f anla\u015fmas\u0131n\u0131n metnini paraflad\u0131\u011f\u0131n\u0131 hat\u0131rlatt\u0131.<\/p>\n<p>Aliyev, &quot;Art\u0131k bar\u0131\u015f i\u00e7erisinde ya\u015f\u0131yoruz, bar\u0131\u015f i\u00e7erisinde ya\u015famay\u0131 \u00f6\u011freniyoruz. Ermenistan&#x27;a transit ta\u015f\u0131malara m\u00fcsaade etmekle kalmad\u0131k, kendimiz de petrol \u00fcr\u00fcnleri satarak ticari ili\u015fkilere ba\u015flad\u0131k.&quot; dedi.<\/p>\n<p>\u201cB\u00d6LGEDE BARI\u015eI G\u00dc\u00c7LEND\u0130RECEK\u201d<\/p>\n<p>Bar\u0131\u015f\u0131n \u00f6nemli sonu\u00e7lar\u0131ndan birinin de ABD y\u00f6netiminin \u00e7abalar\u0131yla ger\u00e7ekle\u015ftirilecek Uluslararas\u0131 Bar\u0131\u015f ve Refah \u0130\u00e7in Trump Rotas\u0131 (TRIPP) oldu\u011funu dile getiren Aliyev, &quot;TRIPP, yaln\u0131zca&#8230;<\/p>\n","protected":false},"excerpt":{"rendered":"<p>ABD Ba\u015fkan Yard\u0131mc\u0131s\u0131 JD Vance&#8217;in Azerbaycan temaslar\u0131 kapsam\u0131nda iki \u00fclke aras\u0131nda stratejik ortakl\u0131k \u015fart\u0131 imzaland\u0131.<\/p>\n","protected":false},"author":2,"featured_media":897,"comment_status":"open","ping_status":"open","sticky":false,"template":"","format":"standard","meta":{"footnotes":""},"categories":[8,6,5],"tags":[],"class_list":["post-898","post","type-post","status-publish","format-standard","has-post-thumbnail","hentry","category-arsiv","category-gundem","category-son-dakika"],"_links":{"self":[{"href":"https:\/\/eskigazeteci.com\/index.php?rest_route=\/wp\/v2\/posts\/898","targetHints":{"allow":["GET"]}}],"collection":[{"href":"https:\/\/eskigazeteci.com\/index.php?rest_route=\/wp\/v2\/posts"}],"about":[{"href":"https:\/\/eskigazeteci.com\/index.php?rest_route=\/wp\/v2\/types\/post"}],"author":[{"embeddable":true,"href":"https:\/\/eskigazeteci.com\/index.php?rest_route=\/wp\/v2\/users\/2"}],"replies":[{"embeddable":true,"href":"https:\/\/eskigazeteci.com\/index.php?rest_route=%2Fwp%2Fv2%2Fcomments&post=898"}],"version-history":[{"count":0,"href":"https:\/\/eskigazeteci.com\/index.php?rest_route=\/wp\/v2\/posts\/898\/revisions"}],"wp:featuredmedia":[{"embeddable":true,"href":"https:\/\/eskigazeteci.com\/index.php?rest_route=\/wp\/v2\/media\/897"}],"wp:attachment":[{"href":"https:\/\/eskigazeteci.com\/index.php?rest_route=%2Fwp%2Fv2%2Fmedia&parent=898"}],"wp:term":[{"taxonomy":"category","embeddable":true,"href":"https:\/\/eskigazeteci.com\/index.php?rest_route=%2Fwp%2Fv2%2Fcategories&post=898"},{"taxonomy":"post_tag","embeddable":true,"href":"https:\/\/eskigazeteci.com\/index.php?rest_route=%2Fwp%2Fv2%2Ftags&post=898"}],"curies":[{"name":"wp","href":"https:\/\/api.w.org\/{rel}","templated":true}]}}