{"id":894,"date":"2026-02-10T16:26:45","date_gmt":"2026-02-10T16:26:45","guid":{"rendered":"https:\/\/eskigazeteci.com\/?p=894"},"modified":"2026-02-10T16:26:45","modified_gmt":"2026-02-10T16:26:45","slug":"orduda-kizartma-safinaz-ve-hasan-kahraman-kardesleri","status":"publish","type":"post","link":"https:\/\/eskigazeteci.com\/?p=894","title":{"rendered":"Ordu&#8217;da K\u0131zartma: Safinaz ve Hasan Kahraman karde\u015fleri"},"content":{"rendered":"<p>Sa\u011fl\u0131k il\u00e7esinde ya\u015fayan Safinaz ve Hasan Kahraman karde\u015fler, yakla\u015f\u0131k 10 g\u00fcnde farkl\u0131 rahats\u0131zl\u0131klar ge\u00e7irerek hastaneye kald\u0131r\u0131ld\u0131lar. Safinaz Kahraman, Ordu Devlet Hastanesi\u2019nde tedavi g\u00f6rd\u00fc\u011f\u00fc saat 07.00 s\u0131ralar\u0131nda kurtar\u0131lamad\u0131. Hasan Kahraman ise tedavi g\u00f6rd\u00fc\u011f\u00fc kentteki \u00f6zel bir hastanede, karde\u015finden yakla\u015f\u0131k 2 saat sonra ya\u015fam\u0131n\u0131 yitirdi.<\/p>\n","protected":false},"excerpt":{"rendered":"<p>D\u00f6rt g\u00fcn \u00f6nce farkl\u0131 rahats\u0131zl\u0131klar ge\u00e7irerek hastaneye kald\u0131r\u0131ld\u0131lar.<\/p>\n","protected":false},"author":2,"featured_media":893,"comment_status":"open","ping_status":"open","sticky":false,"template":"","format":"standard","meta":{"footnotes":""},"categories":[8,6,5],"tags":[],"class_list":["post-894","post","type-post","status-publish","format-standard","has-post-thumbnail","hentry","category-arsiv","category-gundem","category-son-dakika"],"_links":{"self":[{"href":"https:\/\/eskigazeteci.com\/index.php?rest_route=\/wp\/v2\/posts\/894","targetHints":{"allow":["GET"]}}],"collection":[{"href":"https:\/\/eskigazeteci.com\/index.php?rest_route=\/wp\/v2\/posts"}],"about":[{"href":"https:\/\/eskigazeteci.com\/index.php?rest_route=\/wp\/v2\/types\/post"}],"author":[{"embeddable":true,"href":"https:\/\/eskigazeteci.com\/index.php?rest_route=\/wp\/v2\/users\/2"}],"replies":[{"embeddable":true,"href":"https:\/\/eskigazeteci.com\/index.php?rest_route=%2Fwp%2Fv2%2Fcomments&post=894"}],"version-history":[{"count":0,"href":"https:\/\/eskigazeteci.com\/index.php?rest_route=\/wp\/v2\/posts\/894\/revisions"}],"wp:featuredmedia":[{"embeddable":true,"href":"https:\/\/eskigazeteci.com\/index.php?rest_route=\/wp\/v2\/media\/893"}],"wp:attachment":[{"href":"https:\/\/eskigazeteci.com\/index.php?rest_route=%2Fwp%2Fv2%2Fmedia&parent=894"}],"wp:term":[{"taxonomy":"category","embeddable":true,"href":"https:\/\/eskigazeteci.com\/index.php?rest_route=%2Fwp%2Fv2%2Fcategories&post=894"},{"taxonomy":"post_tag","embeddable":true,"href":"https:\/\/eskigazeteci.com\/index.php?rest_route=%2Fwp%2Fv2%2Ftags&post=894"}],"curies":[{"name":"wp","href":"https:\/\/api.w.org\/{rel}","templated":true}]}}