{"id":892,"date":"2026-02-10T16:25:17","date_gmt":"2026-02-10T16:25:17","guid":{"rendered":"https:\/\/eskigazeteci.com\/?p=892"},"modified":"2026-02-10T16:25:17","modified_gmt":"2026-02-10T16:25:17","slug":"bayram-tatili-tarihleri-2026-diyanet-bayram-gunleri-takvimi","status":"publish","type":"post","link":"https:\/\/eskigazeteci.com\/?p=892","title":{"rendered":"BAYRAM TAT\u0130L\u0130 TAR\u0130HLER\u0130 2026 (Diyanet bayram g\u00fcnleri takvimi)"},"content":{"rendered":"<p>Bayram tatili ve Ramazan Bayram\u0131 g\u00fcnleri, 2026 Diyanet dini g\u00fcnler takvimi ile g\u00fcndemde yer al\u0131yor. Peygamber efendimizin ifadesi ile \u201cevveli rahmet, ortas\u0131 ma\u011ffiret, sonu cehennemden kurtulu\u015f\u201d olan bir ay olan Ramazan sonras\u0131 bayram \u0130slam aleminde ger\u00e7ekle\u015fecek. Okullarda 2. d\u00f6nem ara tatili ile Ramazan Bayram\u0131&#x27;n\u0131n denk gelmesi nedeniyle de milyonlarca vatanda\u015f, bayram tatili uzayacak m\u0131? sorusuna yan\u0131t ar\u0131yor. Daha \u00f6nceki y\u0131llarda Kabine Toplant\u0131s\u0131&#x27;nda yap\u0131lan g\u00f6r\u00fc\u015fmeler sonras\u0131, Ramazan Bayram\u0131 tatili idari izinle beraber kamuda 9 g\u00fcne \u00e7\u0131kar\u0131lm\u0131\u015ft\u0131. Bu kapsamda vatanda\u015flar, 2026 Ramazan Bayram\u0131 ne zaman? sorusunun yan\u0131t\u0131na g\u00f6re hareket edecekler. 2026 y\u0131l\u0131nda, okullarda ikinci ara tatili 16 Mart Pazartesi ve 20 Mart Cuma tarihleri aras\u0131nda olacak. Peki, bayram tatili ne zaman ba\u015flayacak, ay\u0131n ka\u00e7\u0131nda? \u0130\u015fte, ayr\u0131nt\u0131lar.<\/p>\n<p>Ramazan Bayram\u0131, 2026 y\u0131l\u0131nda Mart ay\u0131na denk geliyor. Arefe g\u00fcn\u00fc 19 Mart Per\u015fembe ger\u00e7ekle\u015fecek. Bayram\u0131n ilk g\u00fcn\u00fc 20 Mart 2026 Cuma g\u00fcn\u00fc olacak. Bayram g\u00fcnleri ise \u015fu \u015fekilde; Bayram G\u00fcn\u00fc Tarih G\u00fcn Ramazan Bayram\u0131 1. G\u00fcn 20 Mart 2026 Cuma Ramazan Bayram\u0131 2. G\u00fcn 21 Mart 2026 Cumartesi Ramazan Bayram\u0131 3. G\u00fcn 22 Mart 2026 Pazar<\/p>\n<p>Bayram G\u00fcn\u00fc<\/p>\n<p>Tarih<\/p>\n<p>G\u00fcn<\/p>\n<p>Ramazan&#8230;<\/p>\n","protected":false},"excerpt":{"rendered":"<p>Ramazan Bayram\u0131 2026 ne zaman? m\u00fcbarek Ramazan-\u0131 \u015eerif yakla\u015f\u0131rken kamu \u00e7al\u0131\u015fanlar\u0131, \u00f6\u011frenciler ve veliler ba\u015fta olmak \u00fczere milyonlarca vatanda\u015f\u0131n g\u00fcndemine&#8230;<\/p>\n","protected":false},"author":2,"featured_media":891,"comment_status":"open","ping_status":"open","sticky":false,"template":"","format":"standard","meta":{"footnotes":""},"categories":[8,6,5],"tags":[],"class_list":["post-892","post","type-post","status-publish","format-standard","has-post-thumbnail","hentry","category-arsiv","category-gundem","category-son-dakika"],"_links":{"self":[{"href":"https:\/\/eskigazeteci.com\/index.php?rest_route=\/wp\/v2\/posts\/892","targetHints":{"allow":["GET"]}}],"collection":[{"href":"https:\/\/eskigazeteci.com\/index.php?rest_route=\/wp\/v2\/posts"}],"about":[{"href":"https:\/\/eskigazeteci.com\/index.php?rest_route=\/wp\/v2\/types\/post"}],"author":[{"embeddable":true,"href":"https:\/\/eskigazeteci.com\/index.php?rest_route=\/wp\/v2\/users\/2"}],"replies":[{"embeddable":true,"href":"https:\/\/eskigazeteci.com\/index.php?rest_route=%2Fwp%2Fv2%2Fcomments&post=892"}],"version-history":[{"count":0,"href":"https:\/\/eskigazeteci.com\/index.php?rest_route=\/wp\/v2\/posts\/892\/revisions"}],"wp:featuredmedia":[{"embeddable":true,"href":"https:\/\/eskigazeteci.com\/index.php?rest_route=\/wp\/v2\/media\/891"}],"wp:attachment":[{"href":"https:\/\/eskigazeteci.com\/index.php?rest_route=%2Fwp%2Fv2%2Fmedia&parent=892"}],"wp:term":[{"taxonomy":"category","embeddable":true,"href":"https:\/\/eskigazeteci.com\/index.php?rest_route=%2Fwp%2Fv2%2Fcategories&post=892"},{"taxonomy":"post_tag","embeddable":true,"href":"https:\/\/eskigazeteci.com\/index.php?rest_route=%2Fwp%2Fv2%2Ftags&post=892"}],"curies":[{"name":"wp","href":"https:\/\/api.w.org\/{rel}","templated":true}]}}