{"id":890,"date":"2026-02-10T15:56:48","date_gmt":"2026-02-10T15:56:48","guid":{"rendered":"https:\/\/eskigazeteci.com\/?p=890"},"modified":"2026-02-10T15:56:48","modified_gmt":"2026-02-10T15:56:48","slug":"bakan-guler-ypg-pyd-sdg-teror-orgutunun-entegre-olmasi-tek-cikar-yol","status":"publish","type":"post","link":"https:\/\/eskigazeteci.com\/?p=890","title":{"rendered":"Bakan G\u00fcler: YPG\/PYD\/SDG ter\u00f6r \u00f6rg\u00fct\u00fcn\u00fcn entegre olmas\u0131 tek \u00e7\u0131kar yol"},"content":{"rendered":"<p>Milli Savunma Bakan\u0131 Ya\u015far G\u00fcler, Kilis&#x27;teki ziyaretleri kapsam\u0131nda AK Parti \u0130l Te\u015fkilat\u0131 Dan\u0131\u015fma Meclisi Toplant\u0131s\u0131\u2019na kat\u0131ld\u0131. Toplant\u0131ya AK Parti \u0130l Ba\u015fkan\u0131 Zihni Serhan, AK Parti Milletvekili Ahmet Salih Dal, Kilis Belediye Ba\u015fkan\u0131 Hakan Bilecen, AK Parti \u0130l\u00e7e Ba\u015fkanlar\u0131 ve partililer kat\u0131ld\u0131. Bas\u0131na kap\u0131l\u0131 toplant\u0131 \u00f6ncesi a\u00e7\u0131klamalarda bulunan Bakan G\u00fcler, T\u00fcrkiye\u2019nin ter\u00f6r \u00f6rg\u00fctlerinden ar\u0131nd\u0131r\u0131larak g\u00fcvenli hale getirilmesi s\u00fcre\u00e7lerini de\u011ferlendirdi.<\/p>\n<p>\u2018K\u0130L\u0130S KUVA-YI M\u0130LL\u0130YE RUHUNU ORTAYA KOYDU\u2019<\/p>\n<p>Bakan G\u00fcler, Kilis\u2019in s\u0131n\u0131r hatt\u0131nda ta\u015f\u0131d\u0131\u011f\u0131 sorumluluklar\u0131 her daim yerine getirdi\u011fini belirterek, \u201cMill\u00ee ve manevi de\u011ferlerine olan ba\u011fl\u0131l\u0131\u011f\u0131 ile Kuv\u00e2-y\u0131 Milliye ruhunu en bariz \u015fekilde ortaya koyan Kilis Cumhuriyet D\u00f6nemi\u2019nde de s\u0131n\u0131r hatt\u0131nda ta\u015f\u0131d\u0131\u011f\u0131 sorumluluklar\u0131n\u0131 her daim lay\u0131k\u0131yla yerine getirmi\u015ftir. Yak\u0131n tarihte ise Suriye\u2019de patlak veren i\u00e7 sava\u015fla birlikte Kilis bir kez daha tarihsel bir s\u0131navdan ge\u00e7mi\u015ftir. Suriye\u2019de devlet otoritesinin \u00e7\u00f6kt\u00fc\u011f\u00fc s\u0131n\u0131r\u0131m\u0131z\u0131n hemen g\u00fcneyinde kontrols\u00fcz alanlar\u0131n olu\u015ftu\u011fu bu s\u00fcre\u00e7te ter\u00f6r \u00f6rg\u00fctleri ortaya \u00e7\u0131kan bo\u015fluktan faydalanarak \u00fclkemizi do\u011frudan tehdit eder h\u00e2le gelmi\u015ftir. S\u0131n\u0131r karakollar\u0131m\u0131z d\u00e2hil \u015fehir merkezine d\u00fc\u015fen roketler&#8230;<\/p>\n","protected":false},"excerpt":{"rendered":"<p>M\u0130LL\u0130 Savunma Bakan\u0131 Ya\u015far G\u00fcler, ter\u00f6rs\u00fcz T\u00fcrkiye\u2019nin in\u015fas\u0131 i\u00e7in m\u00fccadele ettiklerini belirterek, \u201cArt\u0131k gelinen a\u015famada YPG\/PYD\/SDG ter\u00f6r \u00f6rg\u00fct\u00fcn\u00fcn; 10&#8230;<\/p>\n","protected":false},"author":2,"featured_media":889,"comment_status":"open","ping_status":"open","sticky":false,"template":"","format":"standard","meta":{"footnotes":""},"categories":[8,6,5],"tags":[],"class_list":["post-890","post","type-post","status-publish","format-standard","has-post-thumbnail","hentry","category-arsiv","category-gundem","category-son-dakika"],"_links":{"self":[{"href":"https:\/\/eskigazeteci.com\/index.php?rest_route=\/wp\/v2\/posts\/890","targetHints":{"allow":["GET"]}}],"collection":[{"href":"https:\/\/eskigazeteci.com\/index.php?rest_route=\/wp\/v2\/posts"}],"about":[{"href":"https:\/\/eskigazeteci.com\/index.php?rest_route=\/wp\/v2\/types\/post"}],"author":[{"embeddable":true,"href":"https:\/\/eskigazeteci.com\/index.php?rest_route=\/wp\/v2\/users\/2"}],"replies":[{"embeddable":true,"href":"https:\/\/eskigazeteci.com\/index.php?rest_route=%2Fwp%2Fv2%2Fcomments&post=890"}],"version-history":[{"count":0,"href":"https:\/\/eskigazeteci.com\/index.php?rest_route=\/wp\/v2\/posts\/890\/revisions"}],"wp:featuredmedia":[{"embeddable":true,"href":"https:\/\/eskigazeteci.com\/index.php?rest_route=\/wp\/v2\/media\/889"}],"wp:attachment":[{"href":"https:\/\/eskigazeteci.com\/index.php?rest_route=%2Fwp%2Fv2%2Fmedia&parent=890"}],"wp:term":[{"taxonomy":"category","embeddable":true,"href":"https:\/\/eskigazeteci.com\/index.php?rest_route=%2Fwp%2Fv2%2Fcategories&post=890"},{"taxonomy":"post_tag","embeddable":true,"href":"https:\/\/eskigazeteci.com\/index.php?rest_route=%2Fwp%2Fv2%2Ftags&post=890"}],"curies":[{"name":"wp","href":"https:\/\/api.w.org\/{rel}","templated":true}]}}