{"id":888,"date":"2026-02-10T15:55:15","date_gmt":"2026-02-10T15:55:15","guid":{"rendered":"https:\/\/eskigazeteci.com\/?p=888"},"modified":"2026-02-10T15:55:15","modified_gmt":"2026-02-10T15:55:15","slug":"bag-kur-prim-esitleme-son-durum-2026-subat","status":"publish","type":"post","link":"https:\/\/eskigazeteci.com\/?p=888","title":{"rendered":"Ba\u011f-Kur prim e\u015fitleme son durum 2026 \u015eubat"},"content":{"rendered":"<p>Esnafa erken emeklilik son durum geli\u015fmesi 2026 \u015eubat ay\u0131nda da \u00f6ne \u00e7\u0131kan konular aras\u0131nda yer al\u0131yor. T\u00fcrkiye&#x27;de sosyal g\u00fcvenlik sisteminin \u00f6nemli bir par\u00e7as\u0131 olan Ba\u011f-Kur kapsam\u0131nda prim g\u00fcn say\u0131s\u0131n\u0131n 9000&#x27;den 7200&#x27;e indirilmesi y\u00f6n\u00fcndeki beklentiler devam ediyor. Y\u0131llard\u0131r esnaf, t\u00fcccar, \u00e7ift\u00e7i ve ba\u011f\u0131ms\u0131z \u00e7al\u0131\u015fanlar taraf\u0131ndan dile getirilen bu talep, mevcut sistemde SSK&#x27;l\u0131 \u00e7al\u0131\u015fanlara uygulanan 7200 prim g\u00fcn \u015fart\u0131yla e\u015fitlik sa\u011flanmas\u0131 amac\u0131yla g\u00fcndeme getiriyor. Yeni bir d\u00fczenleme yap\u0131lmas\u0131 halinde bu s\u00fcrenin 7.200 g\u00fcne d\u00fc\u015f\u00fcr\u00fclmesi bekleniyor. Peki, Ba\u011f-Kur 7200 prim e\u015fitlemesi ne zaman \u00e7\u0131kacak? Ba\u011f-Kur 7200 prim g\u00fcn say\u0131s\u0131 Meclis\u2019ten ge\u00e7ti mi? \u0130\u015fte, ayr\u0131nt\u0131lar.<\/p>\n<p>\u00c7al\u0131\u015fma ve Sosyal G\u00fcvenlik Bakan\u0131 Vedat I\u015f\u0131khan, d\u00fczenlemenin teknik \u00e7al\u0131\u015fmalar\u0131n\u0131n tamamland\u0131\u011f\u0131n\u0131 ve Meclis a\u015famas\u0131na haz\u0131r hale getirildi\u011fini bir\u00e7ok kez dile getirdi. Bu kritik d\u00fczenlemenin, genellikle Meclis&#x27;e sunulan ve birden \u00e7ok kanunda de\u011fi\u015fiklik i\u00e7eren b\u00fcy\u00fck Torba Yasa paketlerinden birine eklenmesi bekleniyor. Siyasi kaynaklardan gelen son bilgilere g\u00f6re, d\u00fczenlemenin 2026 y\u0131l\u0131 b\u00fct\u00e7e g\u00f6r\u00fc\u015fmelerinin ard\u0131ndan, 2026 y\u0131l\u0131n\u0131n ilk \u00e7eyre\u011fi (Ocak &#8211; Mart) i\u00e7erisinde TBMM g\u00fcndemine gelmesi ve yasala\u015fmas\u0131&#8230;<\/p>\n","protected":false},"excerpt":{"rendered":"<p>Ba\u011fkur prim g\u00fcn say\u0131s\u0131n\u0131 9000\u2019den 7200\u2019e inecek mi? sorusu kamuoyunun g\u00fcndeminde yer almaya devam ediyor. Y\u00fcz binlerce esnaf\u0131 ve ba\u011f\u0131ms\u0131z \u00e7al\u0131\u015fan\u0131 yak\u0131ndan&#8230;<\/p>\n","protected":false},"author":2,"featured_media":887,"comment_status":"open","ping_status":"open","sticky":false,"template":"","format":"standard","meta":{"footnotes":""},"categories":[8,6,5],"tags":[],"class_list":["post-888","post","type-post","status-publish","format-standard","has-post-thumbnail","hentry","category-arsiv","category-gundem","category-son-dakika"],"_links":{"self":[{"href":"https:\/\/eskigazeteci.com\/index.php?rest_route=\/wp\/v2\/posts\/888","targetHints":{"allow":["GET"]}}],"collection":[{"href":"https:\/\/eskigazeteci.com\/index.php?rest_route=\/wp\/v2\/posts"}],"about":[{"href":"https:\/\/eskigazeteci.com\/index.php?rest_route=\/wp\/v2\/types\/post"}],"author":[{"embeddable":true,"href":"https:\/\/eskigazeteci.com\/index.php?rest_route=\/wp\/v2\/users\/2"}],"replies":[{"embeddable":true,"href":"https:\/\/eskigazeteci.com\/index.php?rest_route=%2Fwp%2Fv2%2Fcomments&post=888"}],"version-history":[{"count":0,"href":"https:\/\/eskigazeteci.com\/index.php?rest_route=\/wp\/v2\/posts\/888\/revisions"}],"wp:featuredmedia":[{"embeddable":true,"href":"https:\/\/eskigazeteci.com\/index.php?rest_route=\/wp\/v2\/media\/887"}],"wp:attachment":[{"href":"https:\/\/eskigazeteci.com\/index.php?rest_route=%2Fwp%2Fv2%2Fmedia&parent=888"}],"wp:term":[{"taxonomy":"category","embeddable":true,"href":"https:\/\/eskigazeteci.com\/index.php?rest_route=%2Fwp%2Fv2%2Fcategories&post=888"},{"taxonomy":"post_tag","embeddable":true,"href":"https:\/\/eskigazeteci.com\/index.php?rest_route=%2Fwp%2Fv2%2Ftags&post=888"}],"curies":[{"name":"wp","href":"https:\/\/api.w.org\/{rel}","templated":true}]}}