{"id":886,"date":"2026-02-10T15:34:58","date_gmt":"2026-02-10T15:34:58","guid":{"rendered":"https:\/\/eskigazeteci.com\/?p=886"},"modified":"2026-02-10T15:34:58","modified_gmt":"2026-02-10T15:34:58","slug":"erdogan-cumhuriyetide-ulkede-gelen-kirgizistan-baskani","status":"publish","type":"post","link":"https:\/\/eskigazeteci.com\/?p=886","title":{"rendered":"Erdo\u011fan Cumhuriyeti&#8217;de \u00dclkede Gelen K\u0131rg\u0131zistan Ba\u015fkan\u0131"},"content":{"rendered":"<p>Erdo\u011fan Cumhuriyeti&#x27;nde \u00fclkenin resmi ziyareti s\u0131ras\u0131nda, K\u0131rg\u0131zistan Meclis Ba\u015fkan\u0131 Nurlanbek Turgunbek Uulu&#x27;y\u0131 T\u00fcrkiye&#x27;ye kabul etti. Bu durum, K\u0131rg\u0131zistan ile T\u00fcrkiye aras\u0131ndaki diplomatik ili\u015fkilerde \u00f6nemli bir ad\u0131m olarak de\u011ferlendirilmi\u015ftir.<\/p>\n","protected":false},"excerpt":{"rendered":"<p>Recep Tayyip Erdo\u011fan, T\u00fcrkiye&#8217;nin resmi ziyaret eden K\u0131rg\u0131zistan Meclis Ba\u015fkan\u0131 Nurlanbek Turgunbek Uulu&#8217;nu kabul etti.<\/p>\n","protected":false},"author":2,"featured_media":885,"comment_status":"open","ping_status":"open","sticky":false,"template":"","format":"standard","meta":{"footnotes":""},"categories":[8,6,5],"tags":[],"class_list":["post-886","post","type-post","status-publish","format-standard","has-post-thumbnail","hentry","category-arsiv","category-gundem","category-son-dakika"],"_links":{"self":[{"href":"https:\/\/eskigazeteci.com\/index.php?rest_route=\/wp\/v2\/posts\/886","targetHints":{"allow":["GET"]}}],"collection":[{"href":"https:\/\/eskigazeteci.com\/index.php?rest_route=\/wp\/v2\/posts"}],"about":[{"href":"https:\/\/eskigazeteci.com\/index.php?rest_route=\/wp\/v2\/types\/post"}],"author":[{"embeddable":true,"href":"https:\/\/eskigazeteci.com\/index.php?rest_route=\/wp\/v2\/users\/2"}],"replies":[{"embeddable":true,"href":"https:\/\/eskigazeteci.com\/index.php?rest_route=%2Fwp%2Fv2%2Fcomments&post=886"}],"version-history":[{"count":0,"href":"https:\/\/eskigazeteci.com\/index.php?rest_route=\/wp\/v2\/posts\/886\/revisions"}],"wp:featuredmedia":[{"embeddable":true,"href":"https:\/\/eskigazeteci.com\/index.php?rest_route=\/wp\/v2\/media\/885"}],"wp:attachment":[{"href":"https:\/\/eskigazeteci.com\/index.php?rest_route=%2Fwp%2Fv2%2Fmedia&parent=886"}],"wp:term":[{"taxonomy":"category","embeddable":true,"href":"https:\/\/eskigazeteci.com\/index.php?rest_route=%2Fwp%2Fv2%2Fcategories&post=886"},{"taxonomy":"post_tag","embeddable":true,"href":"https:\/\/eskigazeteci.com\/index.php?rest_route=%2Fwp%2Fv2%2Ftags&post=886"}],"curies":[{"name":"wp","href":"https:\/\/api.w.org\/{rel}","templated":true}]}}