{"id":884,"date":"2026-02-10T15:26:45","date_gmt":"2026-02-10T15:26:45","guid":{"rendered":"https:\/\/eskigazeteci.com\/?p=884"},"modified":"2026-02-10T15:26:45","modified_gmt":"2026-02-10T15:26:45","slug":"chpli-gorele-belediye-baskani-dede-yeniden-ifadeye-cagrildi","status":"publish","type":"post","link":"https:\/\/eskigazeteci.com\/?p=884","title":{"rendered":"CHP&#8217;li G\u00f6rele Belediye Ba\u015fkan\u0131 Dede, yeniden ifadeye \u00e7a\u011fr\u0131ld\u0131"},"content":{"rendered":"<p>CHP \u2019li G\u00f6rele Belediye Ba\u015fkan\u0131 Hasbi Dede &#x27;nin, iddiaya g\u00f6re, Giresun \u2019da sanal medyadaki bir yaz\u0131\u015fma nedeniyle yap\u0131lan \u015fikayet \u00fczerine ba\u015flat\u0131lan soru\u015fturma kapsam\u0131nda \u00f6nceki g\u00fcn ifadeye \u00e7a\u011fr\u0131ld\u0131. Cumhuriyet savc\u0131l\u0131\u011f\u0131 taraf\u0131ndan Dede&#x27;nin ifadesi al\u0131nd\u0131. Tutuklama talebiyle n\u00f6bet\u00e7i sulh ceza hakimli\u011fine sevk edilen Dede, hakimlik taraf\u0131ndan yurt d\u0131\u015f\u0131na \u00e7\u0131k\u0131\u015f yasa\u011f\u0131 uygulan\u0131p, adli kontrol \u015fart\u0131yla serbest b\u0131rak\u0131ld\u0131.<\/p>\n<p>\u201cS\u00dcREC\u0130N HUKUKA UYGUN VE TARAFSIZ B\u0130\u00c7\u0130MDE SONU\u00c7LANACA\u011eINA \u0130NANIYORUM\u201d<\/p>\n<p>Savc\u0131l\u0131\u011f\u0131n itiraz\u0131 \u00fczerine Dede, yeniden ifade vermesi i\u00e7in adliyeye \u00e7a\u011fr\u0131ld\u0131. \u00c7a\u011fr\u0131 \u00fczerine adliyeye gelen Dede\u2019nin savc\u0131l\u0131k ifadesi devam ediyor.<\/p>\n<p>Belediye Ba\u015fkan\u0131 Dede, Cumhuriyet Ba\u015fsavc\u0131l\u0131\u011f\u0131n\u0131n davetinden k\u0131sa s\u00fcre \u00f6nce bahse konu soru\u015fturmaya ili\u015fkin g\u00f6r\u00fcnt\u00fcl\u00fc mesaj payla\u015ft\u0131. Dede, \u201cHakk\u0131mda y\u00fcr\u00fct\u00fclen bir soru\u015fturma kapsam\u0131nda kamuoyuna yans\u0131yan iddialar bulunmaktad\u0131r. \u00d6ncelikle \u015funu a\u00e7\u0131k\u00e7a ifade etmek isterim ki, iddialar\u0131n muhatab\u0131 olan ailenin korunmas\u0131 bu s\u00fcre\u00e7te benim i\u00e7in en temel hassasiyettir. Ancak bilmenizi isterim ki ben de bu olay\u0131n ma\u011fdurlar\u0131ndan biriyim. Yarg\u0131 makamlar\u0131n\u0131n y\u00fcr\u00fctt\u00fc\u011f\u00fc soru\u015fturmaya sayg\u0131 duyuyor, s\u00fcrecin hukuka uygun ve tarafs\u0131z bi\u00e7imde sonu\u00e7lanaca\u011f\u0131na inan\u0131yorum\u201d&#8230;<\/p>\n","protected":false},"excerpt":{"rendered":"<p>G\u0130RESUN\u2019da hakk\u0131ndaki soru\u015fturma kapsam\u0131nda, savc\u0131l\u0131k talimat\u0131yla ifadeye \u00e7a\u011fr\u0131l\u0131p, \u00e7\u0131kar\u0131ld\u0131\u011f\u0131 hakimlik\u00e7e adli kontrol \u015fart\u0131 konularak serbest kalan CHP\u2019li&#8230;<\/p>\n","protected":false},"author":2,"featured_media":883,"comment_status":"open","ping_status":"open","sticky":false,"template":"","format":"standard","meta":{"footnotes":""},"categories":[8,6,5],"tags":[],"class_list":["post-884","post","type-post","status-publish","format-standard","has-post-thumbnail","hentry","category-arsiv","category-gundem","category-son-dakika"],"_links":{"self":[{"href":"https:\/\/eskigazeteci.com\/index.php?rest_route=\/wp\/v2\/posts\/884","targetHints":{"allow":["GET"]}}],"collection":[{"href":"https:\/\/eskigazeteci.com\/index.php?rest_route=\/wp\/v2\/posts"}],"about":[{"href":"https:\/\/eskigazeteci.com\/index.php?rest_route=\/wp\/v2\/types\/post"}],"author":[{"embeddable":true,"href":"https:\/\/eskigazeteci.com\/index.php?rest_route=\/wp\/v2\/users\/2"}],"replies":[{"embeddable":true,"href":"https:\/\/eskigazeteci.com\/index.php?rest_route=%2Fwp%2Fv2%2Fcomments&post=884"}],"version-history":[{"count":0,"href":"https:\/\/eskigazeteci.com\/index.php?rest_route=\/wp\/v2\/posts\/884\/revisions"}],"wp:featuredmedia":[{"embeddable":true,"href":"https:\/\/eskigazeteci.com\/index.php?rest_route=\/wp\/v2\/media\/883"}],"wp:attachment":[{"href":"https:\/\/eskigazeteci.com\/index.php?rest_route=%2Fwp%2Fv2%2Fmedia&parent=884"}],"wp:term":[{"taxonomy":"category","embeddable":true,"href":"https:\/\/eskigazeteci.com\/index.php?rest_route=%2Fwp%2Fv2%2Fcategories&post=884"},{"taxonomy":"post_tag","embeddable":true,"href":"https:\/\/eskigazeteci.com\/index.php?rest_route=%2Fwp%2Fv2%2Ftags&post=884"}],"curies":[{"name":"wp","href":"https:\/\/api.w.org\/{rel}","templated":true}]}}