{"id":882,"date":"2026-02-10T15:25:15","date_gmt":"2026-02-10T15:25:15","guid":{"rendered":"https:\/\/eskigazeteci.com\/?p=882"},"modified":"2026-02-10T15:25:15","modified_gmt":"2026-02-10T15:25:15","slug":"2-aylik-bebek-oldu-anne-ve-bakici-tutukladi-savcilikta-verdikleri-ifadeler-ortaya-cikti","status":"publish","type":"post","link":"https:\/\/eskigazeteci.com\/?p=882","title":{"rendered":"2 ayl\u0131k bebek \u00f6ld\u00fc\u2026 Anne ve bak\u0131c\u0131 tutuklad\u0131, savc\u0131l\u0131kta verdikleri ifadeler ortaya \u00e7\u0131kt\u0131"},"content":{"rendered":"<p>Olay, 7 \u015eubat g\u00fcn\u00fc saat 03.15 s\u0131ralar\u0131nda B\u00fclb\u00fcl Mahallesi&#x27;nde meydana geldi. \u0130ddiaya g\u00f6re, Deniz D.(41) ve Kenyal\u0131 Lindah Nyamo\u0131ta S. (26) \u00e7iftinin \u00e7ocuklar\u0131 olan 2 ayl\u0131k bebek Melisa Do\u011fan&#x27;\u0131 annesi Sierra Leone uyruklu bak\u0131c\u0131 olan Isha K.(34)&#x27;ye b\u0131rak\u0131p i\u015fe gitti. Gece saatlerinde bebe\u011fin ate\u015flendi\u011fini farkeden bak\u0131c\u0131, sa\u011fl\u0131k ekiplerine ihbarda bulundu. Melisa Do\u011fan, ihbar \u00fczerine olay yerine gelen acil sa\u011fl\u0131k ekipleri taraf\u0131ndan Taksim E\u011fitim ve Ara\u015ft\u0131rma Hastanesi&#x27;ne kald\u0131r\u0131larak tedavi alt\u0131na al\u0131nd\u0131. Y\u00fcksek ate\u015fe ba\u011fl\u0131 n\u00f6bet ge\u00e7irdi\u011fi tespit edilen Do\u011fan, yap\u0131lan t\u00fcm m\u00fcdahalelere ra\u011fmen hayat\u0131n\u0131 kaybetti. Olay\u0131n ard\u0131ndan &#x27;Bilin\u00e7li taksirle \u00f6l\u00fcme neden olma&#x27; su\u00e7undan tutuklanan anne Lindah Nyamota S. ve bak\u0131c\u0131 \u0130sha K.&#x27;n\u0131n savc\u0131l\u0131kta verdi\u011fi ifadeler ortaya \u00e7\u0131kt\u0131.<\/p>\n<p>&#x27;BEBE\u011e\u0130M\u0130 BAKICIYA BIRAKTI\u011eIM ZAMAN \u0130Y\u0130 DURUMDAYDI&#x27;<\/p>\n<p>Anne Lindah S. ifadesinde, &quot;T\u00fcrkiye\u2019ye 2022 y\u0131l\u0131nda yasal yollarla \u00e7al\u0131\u015fmak amac\u0131yla giri\u015f yapt\u0131m. Deniz Do\u011fan ile yakla\u015f\u0131k 3 y\u0131ld\u0131r g\u00f6n\u00fcl ili\u015fkimiz vard\u0131r. Bu ili\u015fki sonucunda 30 Ekim 2025 g\u00fcn\u00fc Melisa Do\u011fan isimli bebe\u011fimiz do\u011fdu. Biz Deniz ile ayn\u0131 evde ya\u015famaktay\u0131z. O g\u00fcn sabah saatlerinde bebe\u011fin hasta oldu\u011funu anlad\u0131m ve daha \u00f6nce bir arkada\u015f\u0131m, Isha K.&#x27;nin&#8230;<\/p>\n","protected":false},"excerpt":{"rendered":"<p>BEYO\u011eLU&#8217;nda 2 ayl\u0131k bebek Melisa Do\u011fan iddiaya g\u00f6re y\u00fcksek ate\u015f \u015fikayetiyle kald\u0131r\u0131ld\u0131\u011f\u0131 hastanede hayat\u0131n\u0131 kaybetti. Olay\u0131n ard\u0131ndan &#8216;Bilin\u00e7li taksirle&#8230;<\/p>\n","protected":false},"author":2,"featured_media":881,"comment_status":"open","ping_status":"open","sticky":false,"template":"","format":"standard","meta":{"footnotes":""},"categories":[8,6,5],"tags":[],"class_list":["post-882","post","type-post","status-publish","format-standard","has-post-thumbnail","hentry","category-arsiv","category-gundem","category-son-dakika"],"_links":{"self":[{"href":"https:\/\/eskigazeteci.com\/index.php?rest_route=\/wp\/v2\/posts\/882","targetHints":{"allow":["GET"]}}],"collection":[{"href":"https:\/\/eskigazeteci.com\/index.php?rest_route=\/wp\/v2\/posts"}],"about":[{"href":"https:\/\/eskigazeteci.com\/index.php?rest_route=\/wp\/v2\/types\/post"}],"author":[{"embeddable":true,"href":"https:\/\/eskigazeteci.com\/index.php?rest_route=\/wp\/v2\/users\/2"}],"replies":[{"embeddable":true,"href":"https:\/\/eskigazeteci.com\/index.php?rest_route=%2Fwp%2Fv2%2Fcomments&post=882"}],"version-history":[{"count":0,"href":"https:\/\/eskigazeteci.com\/index.php?rest_route=\/wp\/v2\/posts\/882\/revisions"}],"wp:featuredmedia":[{"embeddable":true,"href":"https:\/\/eskigazeteci.com\/index.php?rest_route=\/wp\/v2\/media\/881"}],"wp:attachment":[{"href":"https:\/\/eskigazeteci.com\/index.php?rest_route=%2Fwp%2Fv2%2Fmedia&parent=882"}],"wp:term":[{"taxonomy":"category","embeddable":true,"href":"https:\/\/eskigazeteci.com\/index.php?rest_route=%2Fwp%2Fv2%2Fcategories&post=882"},{"taxonomy":"post_tag","embeddable":true,"href":"https:\/\/eskigazeteci.com\/index.php?rest_route=%2Fwp%2Fv2%2Ftags&post=882"}],"curies":[{"name":"wp","href":"https:\/\/api.w.org\/{rel}","templated":true}]}}