{"id":880,"date":"2026-02-10T15:15:14","date_gmt":"2026-02-10T15:15:14","guid":{"rendered":"https:\/\/eskigazeteci.com\/?p=880"},"modified":"2026-02-10T15:15:14","modified_gmt":"2026-02-10T15:15:14","slug":"disisleri-bakani-hakan-fidan-katar-devlet-bakani-al","status":"publish","type":"post","link":"https:\/\/eskigazeteci.com\/?p=880","title":{"rendered":"D\u0131\u015fi\u015fleri Bakan\u0131 Hakan Fidan, Katar Devlet Bakan\u0131 Al"},"content":{"rendered":"<p>DI\u015e\u0130\u015eLER\u0130 Bakan\u0131 Hakan Fidan, Katar Devlet Bakan\u0131 Muhammed bin Abd\u00fclaziz Al-Khulaifi ile g\u00f6r\u00fc\u015ft\u00fc.<\/p>\n","protected":false},"excerpt":{"rendered":"<p>DI\u015e\u0130\u015eLER\u0130 Bakan\u0131 Hakan Fidan, Katar Devlet Bakan\u0131 Muhammed bin Abd\u00fclaziz Al-Khulaifi ile g\u00f6r\u00fc\u015ft\u00fc.<\/p>\n","protected":false},"author":2,"featured_media":879,"comment_status":"open","ping_status":"open","sticky":false,"template":"","format":"standard","meta":{"footnotes":""},"categories":[8,6,5],"tags":[],"class_list":["post-880","post","type-post","status-publish","format-standard","has-post-thumbnail","hentry","category-arsiv","category-gundem","category-son-dakika"],"_links":{"self":[{"href":"https:\/\/eskigazeteci.com\/index.php?rest_route=\/wp\/v2\/posts\/880","targetHints":{"allow":["GET"]}}],"collection":[{"href":"https:\/\/eskigazeteci.com\/index.php?rest_route=\/wp\/v2\/posts"}],"about":[{"href":"https:\/\/eskigazeteci.com\/index.php?rest_route=\/wp\/v2\/types\/post"}],"author":[{"embeddable":true,"href":"https:\/\/eskigazeteci.com\/index.php?rest_route=\/wp\/v2\/users\/2"}],"replies":[{"embeddable":true,"href":"https:\/\/eskigazeteci.com\/index.php?rest_route=%2Fwp%2Fv2%2Fcomments&post=880"}],"version-history":[{"count":0,"href":"https:\/\/eskigazeteci.com\/index.php?rest_route=\/wp\/v2\/posts\/880\/revisions"}],"wp:featuredmedia":[{"embeddable":true,"href":"https:\/\/eskigazeteci.com\/index.php?rest_route=\/wp\/v2\/media\/879"}],"wp:attachment":[{"href":"https:\/\/eskigazeteci.com\/index.php?rest_route=%2Fwp%2Fv2%2Fmedia&parent=880"}],"wp:term":[{"taxonomy":"category","embeddable":true,"href":"https:\/\/eskigazeteci.com\/index.php?rest_route=%2Fwp%2Fv2%2Fcategories&post=880"},{"taxonomy":"post_tag","embeddable":true,"href":"https:\/\/eskigazeteci.com\/index.php?rest_route=%2Fwp%2Fv2%2Ftags&post=880"}],"curies":[{"name":"wp","href":"https:\/\/api.w.org\/{rel}","templated":true}]}}