{"id":88,"date":"2026-02-06T10:32:11","date_gmt":"2026-02-06T10:32:11","guid":{"rendered":"https:\/\/eskigazeteci.com\/?p=88"},"modified":"2026-02-06T10:32:11","modified_gmt":"2026-02-06T10:32:11","slug":"haber-20","status":"publish","type":"post","link":"https:\/\/eskigazeteci.com\/?p=88","title":{"rendered":"Haber"},"content":{"rendered":"<p>\u0130stanbul Cumhuriyet Ba\u015fsavc\u0131l\u0131\u011f\u0131&#x27;n\u0131n y\u00fcr\u00fctt\u00fc\u011f\u00fc uyu\u015fturucu soru\u015fturmas\u0131 kapsam\u0131nda Ka\u00e7ak\u00e7\u0131l\u0131k, Narkotik ve Ekonomik Su\u00e7lar Soru\u015fturma B\u00fcrosu taraf\u0131ndan 4 \u015eubat 2026\u2019da e\u015f zamanl\u0131 operasyon d\u00fczenlendi. \u0130BB Ba\u015fkan\u0131 Ekrem \u0130mamo\u011flu&#x27;nun e\u015fi Dilek \u0130mamo\u011flu &#x27;nun a\u011fabeyi Ali Kaya ile Beca isimli i\u015fletmenin sahibi Bahad\u0131r G\u00fcrceer, sunucu G\u00f6kay Kalayc\u0131o\u011flu, fenomenler Sevcan G\u00fcler, \u0130mren \u00d6zt\u00fcrk, Ceylin Aydemir, Mert Can Alio\u011flu\u2019nun da aras\u0131nda bulundu\u011fu 19 ki\u015fi g\u00f6zalt\u0131na al\u0131nd\u0131. \u0130\u015f insan\u0131 \u015eeyhmus Tatl\u0131c\u0131 da soru\u015fturma kapsam\u0131nda 5 \u015eubat 2026\u2019da Mu\u011fla\u2019da g\u00f6zalt\u0131na al\u0131nd\u0131. Tatl\u0131c\u0131\u2019n\u0131n g\u00f6zalt\u0131na al\u0131nmas\u0131 ile g\u00f6zalt\u0131 say\u0131s\u0131 20\u2019ye y\u00fckseldi.<\/p>\n<p>Fenomen Aydemir ve Alio\u011flu&#x27;nun ikamet adreslerinde yap\u0131lan aramalarda ele ge\u00e7irilen esrar ve uyu\u015fturucu maddelere el konuldu.<\/p>\n<p>UYU\u015eTURUCU VE FUHU\u015e \u0130DD\u0130ASI \u2018Kullanmak i\u00e7in uyu\u015fturucu madde bulundurmak ve kullan\u0131lmas\u0131n\u0131 kolayla\u015ft\u0131rmak\u2019, \u2018fuhu\u015f i\u00e7in arac\u0131l\u0131k etmek ve fuh\u015fa te\u015fvik etmek\u2019 iddias\u0131yla g\u00f6zalt\u0131na al\u0131nan 20 \u015f\u00fcpheli, emniyetteki i\u015flemlerinin ard\u0131ndan adliyeye sevk edildi.<\/p>\n<p>T\u00fcrkiye g\u00fcndeminden son dakika haberleri, bug\u00fcn ya\u015fanan en son geli\u015fmeler, siyaset g\u00fcndeminden g\u00fcncel haberler ve b\u00fct\u00fcn son dakika haberleri i\u00e7in H\u00fcrriyet&#x27;in internet haber sitesi hurriyet.com.tr; Hurriyet.com.tr haber i\u00e7erikleri kaynak g\u00f6sterilmeden al\u0131nt\u0131 yap\u0131lamaz, Kanuna ayk\u0131r\u0131 ve izinsiz olarak kopyalanamaz, ba\u015fka yerde yay\u0131nlanamaz.<\/p>\n","protected":false},"excerpt":{"rendered":"<p>\u0130stanbul\u2019da \u00fcnl\u00fclere y\u00f6nelik uyu\u015fturucu soru\u015fturmas\u0131 kapsam\u0131nda 4 \u015eubat&#8217;ta g\u00f6zalt\u0131na al\u0131nan, aralar\u0131nda Dilek \u0130mamo\u011flu&#8217;nun a\u011fabeyi Ali Kaya ile i\u015f insan\u0131&#8230;<\/p>\n","protected":false},"author":2,"featured_media":87,"comment_status":"open","ping_status":"open","sticky":false,"template":"","format":"standard","meta":{"footnotes":""},"categories":[8,3],"tags":[],"class_list":["post-88","post","type-post","status-publish","format-standard","has-post-thumbnail","hentry","category-arsiv","category-siyaset"],"_links":{"self":[{"href":"https:\/\/eskigazeteci.com\/index.php?rest_route=\/wp\/v2\/posts\/88","targetHints":{"allow":["GET"]}}],"collection":[{"href":"https:\/\/eskigazeteci.com\/index.php?rest_route=\/wp\/v2\/posts"}],"about":[{"href":"https:\/\/eskigazeteci.com\/index.php?rest_route=\/wp\/v2\/types\/post"}],"author":[{"embeddable":true,"href":"https:\/\/eskigazeteci.com\/index.php?rest_route=\/wp\/v2\/users\/2"}],"replies":[{"embeddable":true,"href":"https:\/\/eskigazeteci.com\/index.php?rest_route=%2Fwp%2Fv2%2Fcomments&post=88"}],"version-history":[{"count":0,"href":"https:\/\/eskigazeteci.com\/index.php?rest_route=\/wp\/v2\/posts\/88\/revisions"}],"wp:featuredmedia":[{"embeddable":true,"href":"https:\/\/eskigazeteci.com\/index.php?rest_route=\/wp\/v2\/media\/87"}],"wp:attachment":[{"href":"https:\/\/eskigazeteci.com\/index.php?rest_route=%2Fwp%2Fv2%2Fmedia&parent=88"}],"wp:term":[{"taxonomy":"category","embeddable":true,"href":"https:\/\/eskigazeteci.com\/index.php?rest_route=%2Fwp%2Fv2%2Fcategories&post=88"},{"taxonomy":"post_tag","embeddable":true,"href":"https:\/\/eskigazeteci.com\/index.php?rest_route=%2Fwp%2Fv2%2Ftags&post=88"}],"curies":[{"name":"wp","href":"https:\/\/api.w.org\/{rel}","templated":true}]}}