{"id":878,"date":"2026-02-10T15:06:44","date_gmt":"2026-02-10T15:06:44","guid":{"rendered":"https:\/\/eskigazeteci.com\/?p=878"},"modified":"2026-02-10T15:06:44","modified_gmt":"2026-02-10T15:06:44","slug":"27-yasindaki-gencin-cenazesinde-ailesi-davul-ve-zurna-caldirdi-sebebi-ise-oldukca-ilginc","status":"publish","type":"post","link":"https:\/\/eskigazeteci.com\/?p=878","title":{"rendered":"27 ya\u015f\u0131ndaki gencin cenazesinde ailesi davul ve zurna \u00e7ald\u0131rd\u0131: Sebebi ise olduk\u00e7a ilgin\u00e7"},"content":{"rendered":"<p>Kaza, d\u00fcn Fatih Mahallesi \u015eehit Ayhan Bozp\u0131nar Caddesi Demirkap\u0131 mevkisinde meydana geldi. Mikail Lafatan\u2019\u0131n kontrol\u00fcn\u00fc yitirdi\u011fi motosiklet, ref\u00fcje \u00e7arpt\u0131. Devrilen motosikletten yola savrulan Lafatan, yaraland\u0131.<\/p>\n<p>\u0130hbarla b\u00f6lgeye sa\u011fl\u0131k ekipleri sevk edildi. Ambulansla kald\u0131r\u0131ld\u0131\u011f\u0131 hastanede tedaviye al\u0131nan Lafatan, doktorlar\u0131n t\u00fcm m\u00fcdahalelerine ra\u011fmen sabaha kar\u015f\u0131 ya\u015fam\u0131n\u0131 yitirdi. Lafatan&#x27;\u0131n cenazesi, otopsinin ard\u0131ndan yak\u0131nlar\u0131 taraf\u0131ndan teslim al\u0131n\u0131p, Tarsus G\u00fcney Mezarl\u0131\u011f\u0131&#x27;na getirildi.<\/p>\n<p>Cenazede, Lafatan&#x27;\u0131n bekar olmas\u0131 nedeniyle ailenin gelene\u011fi gere\u011fi, d\u00fc\u011f\u00fcn gibi davul ve zurna \u00e7al\u0131nd\u0131. Lafatan, k\u0131l\u0131nan namaz\u0131n ard\u0131ndan topra\u011fa verildi.<\/p>\n<p>T\u00fcrkiye g\u00fcndeminden son dakika haberleri, bug\u00fcn ya\u015fanan en son geli\u015fmeler, siyaset g\u00fcndeminden g\u00fcncel haberler ve b\u00fct\u00fcn son dakika haberleri i\u00e7in H\u00fcrriyet&#x27;in internet haber sitesi hurriyet.com.tr; Hurriyet.com.tr haber i\u00e7erikleri kaynak g\u00f6sterilmeden al\u0131nt\u0131 yap\u0131lamaz, Kanuna ayk\u0131r\u0131 ve izinsiz olarak kopyalanamaz, ba\u015fka yerde yay\u0131nlanamaz.<\/p>\n","protected":false},"excerpt":{"rendered":"<p>Mersin\u2019in Tarsus il\u00e7esinde ge\u00e7irdi\u011fi kazada \u00f6len motosiklet s\u00fcr\u00fcc\u00fcs\u00fc Mikail Lafatan (27), bekar oldu\u011fu i\u00e7in ailenin gelene\u011fi gere\u011fi davul ve zurna \u00e7al\u0131narak,&#8230;<\/p>\n","protected":false},"author":2,"featured_media":877,"comment_status":"open","ping_status":"open","sticky":false,"template":"","format":"standard","meta":{"footnotes":""},"categories":[8,6,5],"tags":[],"class_list":["post-878","post","type-post","status-publish","format-standard","has-post-thumbnail","hentry","category-arsiv","category-gundem","category-son-dakika"],"_links":{"self":[{"href":"https:\/\/eskigazeteci.com\/index.php?rest_route=\/wp\/v2\/posts\/878","targetHints":{"allow":["GET"]}}],"collection":[{"href":"https:\/\/eskigazeteci.com\/index.php?rest_route=\/wp\/v2\/posts"}],"about":[{"href":"https:\/\/eskigazeteci.com\/index.php?rest_route=\/wp\/v2\/types\/post"}],"author":[{"embeddable":true,"href":"https:\/\/eskigazeteci.com\/index.php?rest_route=\/wp\/v2\/users\/2"}],"replies":[{"embeddable":true,"href":"https:\/\/eskigazeteci.com\/index.php?rest_route=%2Fwp%2Fv2%2Fcomments&post=878"}],"version-history":[{"count":0,"href":"https:\/\/eskigazeteci.com\/index.php?rest_route=\/wp\/v2\/posts\/878\/revisions"}],"wp:featuredmedia":[{"embeddable":true,"href":"https:\/\/eskigazeteci.com\/index.php?rest_route=\/wp\/v2\/media\/877"}],"wp:attachment":[{"href":"https:\/\/eskigazeteci.com\/index.php?rest_route=%2Fwp%2Fv2%2Fmedia&parent=878"}],"wp:term":[{"taxonomy":"category","embeddable":true,"href":"https:\/\/eskigazeteci.com\/index.php?rest_route=%2Fwp%2Fv2%2Fcategories&post=878"},{"taxonomy":"post_tag","embeddable":true,"href":"https:\/\/eskigazeteci.com\/index.php?rest_route=%2Fwp%2Fv2%2Ftags&post=878"}],"curies":[{"name":"wp","href":"https:\/\/api.w.org\/{rel}","templated":true}]}}