{"id":876,"date":"2026-02-10T15:05:13","date_gmt":"2026-02-10T15:05:13","guid":{"rendered":"https:\/\/eskigazeteci.com\/?p=876"},"modified":"2026-02-10T15:05:13","modified_gmt":"2026-02-10T15:05:13","slug":"manisada-24-yasindaki-genc-trafoda-olu-bulundu","status":"publish","type":"post","link":"https:\/\/eskigazeteci.com\/?p=876","title":{"rendered":"Manisa&#8217;da 24 ya\u015f\u0131ndaki gen\u00e7, trafoda \u00f6l\u00fc bulundu"},"content":{"rendered":"<p>Olay, saat 12.00 s\u0131ralar\u0131nda Ko\u015fuk\u0131r\u0131 mevkisi Atat\u00fcrk Mahallesi 217 Sokak&#x27;ta bir s\u00fcredir \u00fcretim yap\u0131lmayan bir tu\u011fla fabrikas\u0131nda meydana geldi.<\/p>\n<p>Fabrikan\u0131n trafosunda Engin Dalm\u0131\u015f&#x27;\u0131n hareketsiz \u015fekilde yatt\u0131\u011f\u0131n\u0131 g\u00f6renler, durumu 112 Acil \u00c7a\u011fr\u0131 Merkezi&#x27;ne bildirdi. \u0130hbarla olay yerine polis ve sa\u011fl\u0131k ekipleri sevk edildi.<\/p>\n<p>Dalm\u0131\u015f&#x27;\u0131n trafodaki y\u00fcksek gerilim hatt\u0131ndan elektrik ak\u0131m\u0131na kap\u0131larak hayat\u0131n\u0131 kaybetti\u011fi belirlendi. Dalm\u0131\u015f&#x27;\u0131n cans\u0131z bedeni, otopsi i\u00e7in \u0130zmir Adli T\u0131p Kurumu morguna g\u00f6t\u00fcr\u00fcld\u00fc.<\/p>\n<p>Olaya ili\u015fkin soru\u015fturma ba\u015flat\u0131ld\u0131.<\/p>\n<p>T\u00fcrkiye g\u00fcndeminden son dakika haberleri, bug\u00fcn ya\u015fanan en son geli\u015fmeler, siyaset g\u00fcndeminden g\u00fcncel haberler ve b\u00fct\u00fcn son dakika haberleri i\u00e7in H\u00fcrriyet&#x27;in internet haber sitesi hurriyet.com.tr; Hurriyet.com.tr haber i\u00e7erikleri kaynak g\u00f6sterilmeden al\u0131nt\u0131 yap\u0131lamaz, Kanuna ayk\u0131r\u0131 ve izinsiz olarak kopyalanamaz, ba\u015fka yerde yay\u0131nlanamaz.<\/p>\n","protected":false},"excerpt":{"rendered":"<p>Manisa&#8217;n\u0131n Turgutlu il\u00e7esinde Engin Dalm\u0131\u015f (24), at\u0131l durumdaki bir fabrikan\u0131n trafosunda \u00f6l\u00fc bulundu.<\/p>\n","protected":false},"author":2,"featured_media":875,"comment_status":"open","ping_status":"open","sticky":false,"template":"","format":"standard","meta":{"footnotes":""},"categories":[8,6,5],"tags":[],"class_list":["post-876","post","type-post","status-publish","format-standard","has-post-thumbnail","hentry","category-arsiv","category-gundem","category-son-dakika"],"_links":{"self":[{"href":"https:\/\/eskigazeteci.com\/index.php?rest_route=\/wp\/v2\/posts\/876","targetHints":{"allow":["GET"]}}],"collection":[{"href":"https:\/\/eskigazeteci.com\/index.php?rest_route=\/wp\/v2\/posts"}],"about":[{"href":"https:\/\/eskigazeteci.com\/index.php?rest_route=\/wp\/v2\/types\/post"}],"author":[{"embeddable":true,"href":"https:\/\/eskigazeteci.com\/index.php?rest_route=\/wp\/v2\/users\/2"}],"replies":[{"embeddable":true,"href":"https:\/\/eskigazeteci.com\/index.php?rest_route=%2Fwp%2Fv2%2Fcomments&post=876"}],"version-history":[{"count":0,"href":"https:\/\/eskigazeteci.com\/index.php?rest_route=\/wp\/v2\/posts\/876\/revisions"}],"wp:featuredmedia":[{"embeddable":true,"href":"https:\/\/eskigazeteci.com\/index.php?rest_route=\/wp\/v2\/media\/875"}],"wp:attachment":[{"href":"https:\/\/eskigazeteci.com\/index.php?rest_route=%2Fwp%2Fv2%2Fmedia&parent=876"}],"wp:term":[{"taxonomy":"category","embeddable":true,"href":"https:\/\/eskigazeteci.com\/index.php?rest_route=%2Fwp%2Fv2%2Fcategories&post=876"},{"taxonomy":"post_tag","embeddable":true,"href":"https:\/\/eskigazeteci.com\/index.php?rest_route=%2Fwp%2Fv2%2Ftags&post=876"}],"curies":[{"name":"wp","href":"https:\/\/api.w.org\/{rel}","templated":true}]}}