{"id":874,"date":"2026-02-10T14:58:16","date_gmt":"2026-02-10T14:58:16","guid":{"rendered":"https:\/\/eskigazeteci.com\/?p=874"},"modified":"2026-02-10T14:58:16","modified_gmt":"2026-02-10T14:58:16","slug":"turk-kizilay-ile-kadem-isbirligi-protokolu-imzaladi","status":"publish","type":"post","link":"https:\/\/eskigazeteci.com\/?p=874","title":{"rendered":"T\u00fcrk K\u0131z\u0131lay ile KADEM i\u015fbirli\u011fi protokol\u00fc imzalad\u0131"},"content":{"rendered":"<p>T\u00fcrk K\u0131z\u0131lay Genel Ba\u015fkan\u0131 Fatma Meri\u00e7 Y\u0131lmaz, T\u00fcrk K\u0131z\u0131lay Genel Merkezi&#x27;nde ger\u00e7ekle\u015ftirilen protokol t\u00f6reninde yapt\u0131\u011f\u0131 konu\u015fmada, ortak hedef ve vizyona sahip iki karde\u015f kurulu\u015f olarak i\u015fbirli\u011fini g\u00fc\u00e7lendirmek amac\u0131yla bir araya geldiklerini s\u00f6yledi.<\/p>\n<p>T\u00fcrk K\u0131z\u0131lay&#x27;\u0131n 157 y\u0131ll\u0131k ge\u00e7mi\u015fiyle T\u00fcrkiye&#x27;nin en \u00f6nemli de\u011ferlerinden biri oldu\u011funu belirten Y\u0131lmaz, kurumun, sosyal yard\u0131m ba\u015fta olmak \u00fczere afet, sava\u015f ve bar\u0131\u015f d\u00f6nemlerinde T\u00fcrkiye&#x27;de ve d\u00fcnyada ihtiya\u00e7 sahiplerinin yan\u0131nda oldu\u011funu ifade etti.<\/p>\n<p>Y\u0131lmaz, K\u0131z\u0131lay&#x27;\u0131n \u00e7al\u0131\u015fmalar\u0131nda sosyal yard\u0131m\u0131n \u00f6nemli bir yer tuttu\u011funu ancak artan krizler kar\u015f\u0131s\u0131nda sosyal dayan\u0131kl\u0131l\u0131k ve toplumsal direncin daha fazla \u00f6ne \u00e7\u0131kt\u0131\u011f\u0131n\u0131 dile getirerek, bu direncin ise aileyle, ailenin temel dire\u011fi olan kad\u0131nlar\u0131n ve annelerin \u00e7ocuklara verdi\u011fi e\u011fitimle in\u015fa edildi\u011fini vurgulad\u0131.<\/p>\n<p>Bu kapsamda KADEM&#x27;in kad\u0131n, aile ve toplum odakl\u0131 y\u00fcr\u00fctt\u00fc\u011f\u00fc \u00e7al\u0131\u015fmalar\u0131 son derece k\u0131ymetli bulduklar\u0131n\u0131n alt\u0131n\u0131 \u00e7izen Y\u0131lmaz, \u015funlar\u0131 kaydetti:<\/p>\n<p>&quot;Burada sosyal yard\u0131m alan\u0131nda bizler de bazen i\u00e7inden \u00e7\u0131kamad\u0131\u011f\u0131m\u0131z konularda d\u00f6n\u00fcp KADEM&#x27;e dan\u0131\u015f\u0131yoruz ya da KADEM&#x27;in g\u00f6n\u00fcll\u00fcleri gittikleri bir yerde sosyal yard\u0131m ihtiyac\u0131 oldu\u011funda K\u0131z\u0131lay ile el ele veriyorlar. Hedefimiz&#8230;<\/p>\n","protected":false},"excerpt":{"rendered":"<p>T\u00fcrk K\u0131z\u0131lay ile Kad\u0131n ve Demokrasi Vakf\u0131 (KADEM) aras\u0131nda kad\u0131nlar\u0131n g\u00fc\u00e7lendirilmesi, g\u00f6n\u00fcll\u00fcl\u00fck faaliyetlerinin geli\u015ftirilmesi, e\u011fitim, istihdam ve afet&#8230;<\/p>\n","protected":false},"author":2,"featured_media":873,"comment_status":"open","ping_status":"open","sticky":false,"template":"","format":"standard","meta":{"footnotes":""},"categories":[8,6,5],"tags":[],"class_list":["post-874","post","type-post","status-publish","format-standard","has-post-thumbnail","hentry","category-arsiv","category-gundem","category-son-dakika"],"_links":{"self":[{"href":"https:\/\/eskigazeteci.com\/index.php?rest_route=\/wp\/v2\/posts\/874","targetHints":{"allow":["GET"]}}],"collection":[{"href":"https:\/\/eskigazeteci.com\/index.php?rest_route=\/wp\/v2\/posts"}],"about":[{"href":"https:\/\/eskigazeteci.com\/index.php?rest_route=\/wp\/v2\/types\/post"}],"author":[{"embeddable":true,"href":"https:\/\/eskigazeteci.com\/index.php?rest_route=\/wp\/v2\/users\/2"}],"replies":[{"embeddable":true,"href":"https:\/\/eskigazeteci.com\/index.php?rest_route=%2Fwp%2Fv2%2Fcomments&post=874"}],"version-history":[{"count":0,"href":"https:\/\/eskigazeteci.com\/index.php?rest_route=\/wp\/v2\/posts\/874\/revisions"}],"wp:featuredmedia":[{"embeddable":true,"href":"https:\/\/eskigazeteci.com\/index.php?rest_route=\/wp\/v2\/media\/873"}],"wp:attachment":[{"href":"https:\/\/eskigazeteci.com\/index.php?rest_route=%2Fwp%2Fv2%2Fmedia&parent=874"}],"wp:term":[{"taxonomy":"category","embeddable":true,"href":"https:\/\/eskigazeteci.com\/index.php?rest_route=%2Fwp%2Fv2%2Fcategories&post=874"},{"taxonomy":"post_tag","embeddable":true,"href":"https:\/\/eskigazeteci.com\/index.php?rest_route=%2Fwp%2Fv2%2Ftags&post=874"}],"curies":[{"name":"wp","href":"https:\/\/api.w.org\/{rel}","templated":true}]}}