{"id":872,"date":"2026-02-10T14:56:45","date_gmt":"2026-02-10T14:56:45","guid":{"rendered":"https:\/\/eskigazeteci.com\/?p=872"},"modified":"2026-02-10T14:56:45","modified_gmt":"2026-02-10T14:56:45","slug":"kayseride-dhkp","status":"publish","type":"post","link":"https:\/\/eskigazeteci.com\/?p=872","title":{"rendered":"Kayseri&#8217;de DHKP"},"content":{"rendered":"<p>\u0130l Emniyet M\u00fcd\u00fcrl\u00fc\u011f\u00fc Ter\u00f6rle M\u00fccadele \u015eube M\u00fcd\u00fcrl\u00fc\u011f\u00fc ekipleri, ge\u00e7en y\u0131l 23 Ekim&#x27;de DHKP-C ter\u00f6r \u00f6rg\u00fct\u00fcn\u00fcn eylem ve faaliyetlerinin de\u015fifresine y\u00f6nelik \u00e7al\u0131\u015fma ba\u015flatt\u0131. Bu kapsamda G.K. (41) ve M.B.&#x27;nin (59) a\u00e7l\u0131k grevi yapan DHKP-C h\u00fck\u00fcml\u00fcs\u00fc S.O.Y.&#x27;ye destek amac\u0131yla 1 g\u00fcnl\u00fck a\u00e7l\u0131k grevi yapt\u0131klar\u0131 ve bu durumla ilgili sanal medyadan payla\u015f\u0131mda bulunduklar\u0131 belirlendi. Adrese d\u00fczenlenen operasyonla 2 \u015f\u00fcpheli, g\u00f6zalt\u0131na al\u0131nd\u0131. G.K. ve M.B., i\u015flemlerinin ard\u0131ndan tutukland\u0131.<\/p>\n<p>DAVA A\u00c7ILDI<\/p>\n<p>Kayseri Cumhuriyet Ba\u015fsavc\u0131l\u0131\u011f\u0131 taraf\u0131ndan y\u00fcr\u00fct\u00fclen soru\u015fturma tamamlanarak iddianame haz\u0131rland\u0131. 2 \u015f\u00fcpheli hakk\u0131nda &#x27;Ter\u00f6r \u00f6rg\u00fct\u00fc propagandas\u0131 yapmak&#x27; su\u00e7undan dava a\u00e7\u0131ld\u0131. 2&#x27;nci A\u011f\u0131r Ceza Mahkemesi\u2019nde g\u00f6r\u00fclen davan\u0131n ilk duru\u015fmas\u0131na; tutuklu san\u0131klar G.K. ve M.B., bulunduklar\u0131 cezaevinden Sesli ve G\u00f6r\u00fcnt\u00fcl\u00fc Bili\u015fim Sistemi (SEGB\u0130S) arac\u0131l\u0131\u011f\u0131yla duru\u015fmaya kat\u0131ld\u0131.<\/p>\n<p>SU\u00c7LAMALARI KABUL ETMED\u0130LER<\/p>\n<p>DHKP-C h\u00fck\u00fcml\u00fcs\u00fc S.O.Y. ile ilgili a\u00e7l\u0131k grevini destekleyen video \u00e7ektikleri ve bas\u0131n a\u00e7\u0131klamas\u0131na kat\u0131ld\u0131klar\u0131 iddialar\u0131 sonras\u0131 savunma yapan san\u0131klardan G.K., &quot;S\u00f6z konusu ki\u015fi i\u00e7in vicdani kanaatimi kulland\u0131m. \u00d6lmemesi gerekti\u011fini s\u00f6yledim. \u00d6rg\u00fct propagandas\u0131 yapmad\u0131m. Amac\u0131m o de\u011fildi. Kimseyi&#8230;<\/p>\n","protected":false},"excerpt":{"rendered":"<p>Kayseri&#8217;de ter\u00f6r \u00f6rg\u00fct\u00fc DHKP-C&#8217;ye y\u00f6nelik operasyonda g\u00f6zalt\u0131na al\u0131n\u0131p, tutuklanan 2 ki\u015fi, &#8216;Ter\u00f6r \u00f6rg\u00fct\u00fc propagandas\u0131 yapmak&#8217; su\u00e7undan 1&#8217;er y\u0131l 3&#8217;er ay hapis&#8230;<\/p>\n","protected":false},"author":2,"featured_media":871,"comment_status":"open","ping_status":"open","sticky":false,"template":"","format":"standard","meta":{"footnotes":""},"categories":[8,6,5],"tags":[],"class_list":["post-872","post","type-post","status-publish","format-standard","has-post-thumbnail","hentry","category-arsiv","category-gundem","category-son-dakika"],"_links":{"self":[{"href":"https:\/\/eskigazeteci.com\/index.php?rest_route=\/wp\/v2\/posts\/872","targetHints":{"allow":["GET"]}}],"collection":[{"href":"https:\/\/eskigazeteci.com\/index.php?rest_route=\/wp\/v2\/posts"}],"about":[{"href":"https:\/\/eskigazeteci.com\/index.php?rest_route=\/wp\/v2\/types\/post"}],"author":[{"embeddable":true,"href":"https:\/\/eskigazeteci.com\/index.php?rest_route=\/wp\/v2\/users\/2"}],"replies":[{"embeddable":true,"href":"https:\/\/eskigazeteci.com\/index.php?rest_route=%2Fwp%2Fv2%2Fcomments&post=872"}],"version-history":[{"count":0,"href":"https:\/\/eskigazeteci.com\/index.php?rest_route=\/wp\/v2\/posts\/872\/revisions"}],"wp:featuredmedia":[{"embeddable":true,"href":"https:\/\/eskigazeteci.com\/index.php?rest_route=\/wp\/v2\/media\/871"}],"wp:attachment":[{"href":"https:\/\/eskigazeteci.com\/index.php?rest_route=%2Fwp%2Fv2%2Fmedia&parent=872"}],"wp:term":[{"taxonomy":"category","embeddable":true,"href":"https:\/\/eskigazeteci.com\/index.php?rest_route=%2Fwp%2Fv2%2Fcategories&post=872"},{"taxonomy":"post_tag","embeddable":true,"href":"https:\/\/eskigazeteci.com\/index.php?rest_route=%2Fwp%2Fv2%2Ftags&post=872"}],"curies":[{"name":"wp","href":"https:\/\/api.w.org\/{rel}","templated":true}]}}