{"id":870,"date":"2026-02-10T14:55:13","date_gmt":"2026-02-10T14:55:13","guid":{"rendered":"https:\/\/eskigazeteci.com\/?p=870"},"modified":"2026-02-10T14:55:13","modified_gmt":"2026-02-10T14:55:13","slug":"galatasaray-hakan-calhanoglu-transferini-bitiriyor-tarih-belli-oldu","status":"publish","type":"post","link":"https:\/\/eskigazeteci.com\/?p=870","title":{"rendered":"Galatasaray, Hakan \u00c7alhano\u011flu transferini bitiriyor! Tarih belli oldu"},"content":{"rendered":"<p>Bir yandan S\u00fcper Lig&#x27;de \u015fampiyonluk hedefleyen, di\u011fer yandan UEFA \u015eampiyonlar Ligi&#x27;nde oynayaca\u011f\u0131 Juventus ma\u00e7\u0131n\u0131 bekleyen Galatasaray , gelecek sezon i\u00e7in haz\u0131rl\u0131klar\u0131na ba\u015flad\u0131.<\/p>\n<p>Sar\u0131 k\u0131rm\u0131z\u0131l\u0131 kul\u00fcb\u00fcn y\u00f6netimi, mevcut sezonun sona ermesiyle beraber transferleri erken bitirmek ve yaz kamp\u0131na dahil etmek istiyor.<\/p>\n<p>Bu ba\u011flama \u00e7al\u0131\u015fmalar\u0131n\u0131 s\u00fcrd\u00fcren Cimbom, uzun s\u00fcredir kadrosuna katmak istedi\u011fi Hakan \u00c7alhano\u011flu konusunda yeni bir ad\u0131m atmaya haz\u0131rlan\u0131yor.<\/p>\n<p>\u0130TALYAN BASINI DUYURDU: GALATASARAY&#x27;IN PROJES\u0130<\/p>\n<p>Konuya ili\u015fkin \u0130talyan bas\u0131n\u0131nda yer alan haber \u015fu \u015fekilde oldu:<\/p>\n<p>Galatasaray&#x27;\u0131n \u00f6n\u00fcm\u00fczdeki yaz transfer sezonundaki ilk b\u00fcy\u00fck hedefi belli: Hakan \u00c7alhano\u011flu.<\/p>\n<p>\u0130stanbul kul\u00fcb\u00fc, Inter&#x27;in y\u0131ld\u0131z\u0131n\u0131 yeni projesinin ilk ad\u0131m\u0131 olarak g\u00f6r\u00fcyor. Galatasaray, Hakan \u00c7alhano\u011flu etraf\u0131nda \u015fekillenecek bir projeye haz\u0131rlan\u0131yor. Hakan&#x27;\u0131n ad\u0131, sar\u0131 k\u0131rm\u0131z\u0131l\u0131 kul\u00fcb\u00fcn transfer listesinin en ba\u015f\u0131nda yer al\u0131yor.<\/p>\n<p>Inter, kilit oyuncusunu kolay kolay elden \u00e7\u0131karma pe\u015finde de\u011fil. 2027&#x27;ye dek s\u00fcren s\u00f6zle\u015fmesini yenilemek i\u00e7in elinden geleni yap\u0131yor. Hakan&#x27;\u0131n Galatasaray ile olan g\u00fc\u00e7l\u00fc ba\u011f\u0131, s\u00f6zle\u015fme yenileme plan\u0131n\u0131 sekteye u\u011frat\u0131yor.<\/p>\n<p>Galatasaray, ocak transfer sezonunda Inter&#x27;in kap\u0131s\u0131n\u0131 \u00e7alm\u0131\u015f ancak&#8230;<\/p>\n","protected":false},"excerpt":{"rendered":"<p>Galatasaray&#8217;\u0131n uzun s\u00fcredir kadrosuna katmak istedi\u011fi ve 2025-26 ara transfer sezonunda da transferini yoklad\u0131\u011f\u0131 Hakan \u00c7alhano\u011flu konusunda yeni geli\u015fme&#8230;<\/p>\n","protected":false},"author":2,"featured_media":869,"comment_status":"open","ping_status":"open","sticky":false,"template":"","format":"standard","meta":{"footnotes":""},"categories":[8,5,7],"tags":[],"class_list":["post-870","post","type-post","status-publish","format-standard","has-post-thumbnail","hentry","category-arsiv","category-son-dakika","category-spor"],"_links":{"self":[{"href":"https:\/\/eskigazeteci.com\/index.php?rest_route=\/wp\/v2\/posts\/870","targetHints":{"allow":["GET"]}}],"collection":[{"href":"https:\/\/eskigazeteci.com\/index.php?rest_route=\/wp\/v2\/posts"}],"about":[{"href":"https:\/\/eskigazeteci.com\/index.php?rest_route=\/wp\/v2\/types\/post"}],"author":[{"embeddable":true,"href":"https:\/\/eskigazeteci.com\/index.php?rest_route=\/wp\/v2\/users\/2"}],"replies":[{"embeddable":true,"href":"https:\/\/eskigazeteci.com\/index.php?rest_route=%2Fwp%2Fv2%2Fcomments&post=870"}],"version-history":[{"count":0,"href":"https:\/\/eskigazeteci.com\/index.php?rest_route=\/wp\/v2\/posts\/870\/revisions"}],"wp:featuredmedia":[{"embeddable":true,"href":"https:\/\/eskigazeteci.com\/index.php?rest_route=\/wp\/v2\/media\/869"}],"wp:attachment":[{"href":"https:\/\/eskigazeteci.com\/index.php?rest_route=%2Fwp%2Fv2%2Fmedia&parent=870"}],"wp:term":[{"taxonomy":"category","embeddable":true,"href":"https:\/\/eskigazeteci.com\/index.php?rest_route=%2Fwp%2Fv2%2Fcategories&post=870"},{"taxonomy":"post_tag","embeddable":true,"href":"https:\/\/eskigazeteci.com\/index.php?rest_route=%2Fwp%2Fv2%2Ftags&post=870"}],"curies":[{"name":"wp","href":"https:\/\/api.w.org\/{rel}","templated":true}]}}