{"id":868,"date":"2026-02-10T14:38:11","date_gmt":"2026-02-10T14:38:11","guid":{"rendered":"https:\/\/eskigazeteci.com\/?p=868"},"modified":"2026-02-10T14:38:11","modified_gmt":"2026-02-10T14:38:11","slug":"somalide-50-murettebatli-ucak-okyanusa-indi","status":"publish","type":"post","link":"https:\/\/eskigazeteci.com\/?p=868","title":{"rendered":"Somali&#8217;de 50 m\u00fcrettebatl\u0131 u\u00e7ak okyanusa indi"},"content":{"rendered":"<p>Somali merkezli Starsky Airline \u015firketine ait bir yolcu u\u00e7a\u011f\u0131, Aden Adde Uluslararas\u0131 Havaliman\u0131\u2019ndan kalk\u0131\u015f s\u0131ras\u0131nda ya\u015fanan sorun nedeniyle Mogadi\u015fu \u2019da acil ini\u015f yapmak zorunda kald\u0131. \u0130lk bilgilere g\u00f6re u\u00e7ak, kontrolden \u00e7\u0131karak rotas\u0131ndan sapt\u0131 ve havaliman\u0131 \u00e7evresindeki Uluslararas\u0131 Yerle\u015fke ile UNMAS kap\u0131s\u0131na yak\u0131n bir noktada, k\u0131y\u0131 a\u00e7\u0131klar\u0131nda Hint Okyanusu\u2019na indi.<\/p>\n<p>U\u00c7AK SI\u011e SULARDA DURDU<\/p>\n<p>Olay yerinden payla\u015f\u0131lan g\u00f6r\u00fcnt\u00fclerde, u\u00e7a\u011f\u0131n k\u0131y\u0131ya yak\u0131n s\u0131\u011f sularda durdu\u011fu g\u00f6r\u00fcl\u00fcyor. Kazan\u0131n ard\u0131ndan b\u00f6lgede k\u0131sa s\u00fcreli hareketlilik ya\u015fand\u0131.<\/p>\n<p>50 YOLCU VE M\u00dcRETTEBAT KURTARILDI<\/p>\n<p>G\u00f6rg\u00fc tan\u0131klar\u0131n\u0131n aktard\u0131\u011f\u0131na g\u00f6re, u\u00e7akta bulunan 50 yolcu ve m\u00fcrettebat, kazan\u0131n ard\u0131ndan g\u00fcvenli \u015fekilde tahliye edildi. Olayda can kayb\u0131 ya da yaralanma bildirilmedi.<\/p>\n<p>B\u00d6LGEDE G\u00dcVENL\u0130K \u00d6NLEMLER\u0130 ARTIRILDI<\/p>\n<p>Kaza sonras\u0131 b\u00f6lgeye kurtarma ve g\u00fcvenlik ekipleri sevk edildi. G\u00fcvenlik \u00f6nlemleri kapsam\u0131nda alan kontrol alt\u0131na al\u0131n\u0131rken, ekiplerin u\u00e7a\u011f\u0131n durumu ve olas\u0131 risklere ili\u015fkin incelemeleri s\u00fcr\u00fcyor.<\/p>\n<p>VARI\u015e NOKTASI NETLE\u015eMED\u0130<\/p>\n<p>U\u00e7a\u011f\u0131n Somali \u2019nin orta b\u00f6lgelerine sefer yapt\u0131\u011f\u0131 belirtilirken, var\u0131\u015f noktas\u0131 konusunda Galkayo ile Guriceel aras\u0131nda \u00e7eli\u015fkili bilgiler oldu\u011fu aktar\u0131ld\u0131.<\/p>\n<p>Havac\u0131l\u0131k&#8230;<\/p>\n","protected":false},"excerpt":{"rendered":"<p>Somali&#8217;de, Aden Adde Uluslararas\u0131 Havaliman\u0131\u2019ndan kalkan 50 m\u00fcrettebatl\u0131 yolcu u\u00e7a\u011f\u0131 okyanusa acil ini\u015f yapt\u0131.<\/p>\n","protected":false},"author":2,"featured_media":867,"comment_status":"open","ping_status":"open","sticky":false,"template":"","format":"standard","meta":{"footnotes":""},"categories":[8,6,5],"tags":[],"class_list":["post-868","post","type-post","status-publish","format-standard","has-post-thumbnail","hentry","category-arsiv","category-gundem","category-son-dakika"],"_links":{"self":[{"href":"https:\/\/eskigazeteci.com\/index.php?rest_route=\/wp\/v2\/posts\/868","targetHints":{"allow":["GET"]}}],"collection":[{"href":"https:\/\/eskigazeteci.com\/index.php?rest_route=\/wp\/v2\/posts"}],"about":[{"href":"https:\/\/eskigazeteci.com\/index.php?rest_route=\/wp\/v2\/types\/post"}],"author":[{"embeddable":true,"href":"https:\/\/eskigazeteci.com\/index.php?rest_route=\/wp\/v2\/users\/2"}],"replies":[{"embeddable":true,"href":"https:\/\/eskigazeteci.com\/index.php?rest_route=%2Fwp%2Fv2%2Fcomments&post=868"}],"version-history":[{"count":0,"href":"https:\/\/eskigazeteci.com\/index.php?rest_route=\/wp\/v2\/posts\/868\/revisions"}],"wp:featuredmedia":[{"embeddable":true,"href":"https:\/\/eskigazeteci.com\/index.php?rest_route=\/wp\/v2\/media\/867"}],"wp:attachment":[{"href":"https:\/\/eskigazeteci.com\/index.php?rest_route=%2Fwp%2Fv2%2Fmedia&parent=868"}],"wp:term":[{"taxonomy":"category","embeddable":true,"href":"https:\/\/eskigazeteci.com\/index.php?rest_route=%2Fwp%2Fv2%2Fcategories&post=868"},{"taxonomy":"post_tag","embeddable":true,"href":"https:\/\/eskigazeteci.com\/index.php?rest_route=%2Fwp%2Fv2%2Ftags&post=868"}],"curies":[{"name":"wp","href":"https:\/\/api.w.org\/{rel}","templated":true}]}}