{"id":862,"date":"2026-02-10T14:32:49","date_gmt":"2026-02-10T14:32:49","guid":{"rendered":"https:\/\/eskigazeteci.com\/?p=862"},"modified":"2026-02-10T14:32:49","modified_gmt":"2026-02-10T14:32:49","slug":"ak-parti-genel-sekreteri-inandan-ozgur-ozel-tepkisi","status":"publish","type":"post","link":"https:\/\/eskigazeteci.com\/?p=862","title":{"rendered":"AK Parti Genel Sekreteri \u0130nan&#8217;dan \u00d6zg\u00fcr \u00d6zel tepkisi"},"content":{"rendered":"<p>CHP Genel Ba\u015fkan\u0131 \u00d6zg\u00fcr \u00d6zel\u2019in Ke\u00e7i\u00f6ren Belediye Ba\u015fkan\u0131 Mesut \u00d6zarslan\u2019a att\u0131\u011f\u0131 k\u00fcf\u00fcrl\u00fc mesajlar\u0131n kamuoyuna yans\u0131mas\u0131yla ilgili d\u00fc\u015f\u00fcnceleri sorulan \u0130nan: \u201cSiyasetin tek liman\u0131 ahlakt\u0131r, bu bizim menzilimizdir. Kendilerini gen\u00e7lerin temsilcisi olarak sunan bir partinin kulland\u0131\u011f\u0131 \u2018meyhane a\u011fz\u0131n\u0131\u2019 gen\u00e7lerin \u00f6rnek almamas\u0131n\u0131 diliyorum\u201ddedi. \u201cSay\u0131n Cumhurba\u015fkan\u0131m\u0131z bize \u00fc\u00e7 \u015feyi her zaman vurgular. Hayat\u0131n her alan\u0131nda d\u00fcr\u00fcst olmam\u0131z\u0131, alm\u0131\u015f oldu\u011fumuz sorumluluklar\u0131 ta\u015f\u0131rken asil olmam\u0131z\u0131 ve siyasetin tek liman\u0131n ahlak oldu\u011funu unutmam\u0131z\u0131 bize i\u015flemi\u015ftir. Bu bizim menzilimizdir. Ama CHP\u2019nin geneti\u011fine uygun olarak Cumhurba\u015fkan\u0131m\u0131za y\u00f6nelik \u00e7irkin ifadeler kullanmak, milletin de\u011ferlerini a\u015fa\u011f\u0131lamak ve m\u00fcptezel siyaseti kendi merkezleri haline getirmek kendilerinin al\u0131\u015fkanl\u0131\u011f\u0131 haline geldi zaten. Hem vurgunculuk hem h\u0131rs\u0131zl\u0131\u011f\u0131n yan\u0131na k\u00fcf\u00fcrbazl\u0131\u011f\u0131 da ekleyip ilerliyorlar. CHP Genel Ba\u015fkan\u0131 \u00d6zg\u00fcr \u00d6zel\u2019in sergiledi\u011fi tutum ve ya\u015fad\u0131\u011f\u0131 siyasi savrulma, partinin i\u00e7inde bulundu\u011fu psikolojik ve siyasal krizi g\u00f6zler \u00f6n\u00fcne seriyor. Kendilerini gen\u00e7lerin temsilcisi olarak sunan bir partinin kulland\u0131\u011f\u0131 \u201cmeyhane a\u011fz\u0131n\u0131\u201d gen\u00e7lerin \u00f6rnek almamas\u0131n\u0131 diliyorum. Biz her zaman, \u00f6zellikle gen\u00e7 bir&#8230;<\/p>\n","protected":false},"excerpt":{"rendered":"<p>AK Parti Genel Sekreteri ve \u0130zmir Milletvekili Eyy\u00fcp Kadir \u0130nan TGRT Haber canl\u0131 yay\u0131n\u0131nda, TGRT Haber Ankara Temsilcisi Fatih Atik\u2019in sorular\u0131n\u0131 cevaplad\u0131.<\/p>\n","protected":false},"author":2,"featured_media":861,"comment_status":"open","ping_status":"open","sticky":false,"template":"","format":"standard","meta":{"footnotes":""},"categories":[8,6,5],"tags":[],"class_list":["post-862","post","type-post","status-publish","format-standard","has-post-thumbnail","hentry","category-arsiv","category-gundem","category-son-dakika"],"_links":{"self":[{"href":"https:\/\/eskigazeteci.com\/index.php?rest_route=\/wp\/v2\/posts\/862","targetHints":{"allow":["GET"]}}],"collection":[{"href":"https:\/\/eskigazeteci.com\/index.php?rest_route=\/wp\/v2\/posts"}],"about":[{"href":"https:\/\/eskigazeteci.com\/index.php?rest_route=\/wp\/v2\/types\/post"}],"author":[{"embeddable":true,"href":"https:\/\/eskigazeteci.com\/index.php?rest_route=\/wp\/v2\/users\/2"}],"replies":[{"embeddable":true,"href":"https:\/\/eskigazeteci.com\/index.php?rest_route=%2Fwp%2Fv2%2Fcomments&post=862"}],"version-history":[{"count":0,"href":"https:\/\/eskigazeteci.com\/index.php?rest_route=\/wp\/v2\/posts\/862\/revisions"}],"wp:featuredmedia":[{"embeddable":true,"href":"https:\/\/eskigazeteci.com\/index.php?rest_route=\/wp\/v2\/media\/861"}],"wp:attachment":[{"href":"https:\/\/eskigazeteci.com\/index.php?rest_route=%2Fwp%2Fv2%2Fmedia&parent=862"}],"wp:term":[{"taxonomy":"category","embeddable":true,"href":"https:\/\/eskigazeteci.com\/index.php?rest_route=%2Fwp%2Fv2%2Fcategories&post=862"},{"taxonomy":"post_tag","embeddable":true,"href":"https:\/\/eskigazeteci.com\/index.php?rest_route=%2Fwp%2Fv2%2Ftags&post=862"}],"curies":[{"name":"wp","href":"https:\/\/api.w.org\/{rel}","templated":true}]}}