{"id":860,"date":"2026-02-10T14:31:17","date_gmt":"2026-02-10T14:31:17","guid":{"rendered":"https:\/\/eskigazeteci.com\/?p=860"},"modified":"2026-02-10T14:31:17","modified_gmt":"2026-02-10T14:31:17","slug":"oturdugu-binanin-gorevlisini-oldurmustu-katil-konustu-durusma-salonu-buz-kesti-pis-sapik-lanet-bir-adamdi","status":"publish","type":"post","link":"https:\/\/eskigazeteci.com\/?p=860","title":{"rendered":"Oturdu\u011fu binan\u0131n g\u00f6revlisini \u00f6ld\u00fcrm\u00fc\u015ft\u00fc! Katil konu\u015ftu, duru\u015fma salonu buz kesti: Pis sap\u0131k, lanet bir adamd\u0131"},"content":{"rendered":"<p>Olay, ge\u00e7en y\u0131l 1 Eyl\u00fcl&#x27;de saat 13.30 s\u0131ralar\u0131nda Talas il\u00e7esi Mevlana Mahallesi&#x27;ndeki 15 katl\u0131 binada meydana geldi. Battal U. ile oturdu\u011fu binan\u0131n g\u00f6revlisi Bekta\u015f A\u015f\u00e7\u0131p\u0131nar aras\u0131nda tart\u0131\u015fma \u00e7\u0131kt\u0131. K\u0131sa s\u00fcrede b\u00fcy\u00fcyen tart\u0131\u015fma b\u0131\u00e7akl\u0131 kavgaya d\u00f6n\u00fc\u015ft\u00fc. Kavgada, Battal U., apartman g\u00f6revlisi A\u015f\u00e7\u0131p\u0131nar\u2019\u0131 karn\u0131ndan b\u0131\u00e7aklayarak a\u011f\u0131r yaralad\u0131. A\u015f\u00e7\u0131p\u0131nar hayat\u0131n\u0131 kaybetti, yakalanan Battal U. tutukland\u0131.<\/p>\n<p>SALDIRI KAMERADA<\/p>\n<p>\u00d6te yandan Battal U.&#x27;nun, A\u015f\u00e7\u0131p\u0131nar&#x27;\u0131 b\u0131\u00e7aklad\u0131\u011f\u0131 anlar\u0131n g\u00fcvenlik kameras\u0131 g\u00f6r\u00fcnt\u00fcleri ortaya \u00e7\u0131kt\u0131. G\u00f6r\u00fcnt\u00fclerde; Bekta\u015f A\u015f\u00e7\u0131p\u0131nar&#x27;\u0131n kom\u015fular\u0131yla asans\u00f6r bekledi\u011fi, asans\u00f6rden \u00e7\u0131kan Battal U.&#x27;nun A\u015f\u00e7\u0131p\u0131nar&#x27;a sald\u0131rd\u0131\u011f\u0131 g\u00f6r\u00fcld\u00fc. Kayseri Cumhuriyet Ba\u015fsavc\u0131l\u0131\u011f\u0131 taraf\u0131ndan y\u00fcr\u00fct\u00fclen soru\u015fturma tamamlanarak iddianame haz\u0131rland\u0131. Battal U. hakk\u0131nda m\u00fcebbet hapis cezas\u0131n\u0131n istendi\u011fi iddianame, Kayseri A\u011f\u0131r Ceza Mahkemesi&#x27;nce kabul edildi.<\/p>\n<p>&#x27;MECBUR KALDIM&#x27;<\/p>\n<p>Kayseri 2&#x27;nci A\u011f\u0131r Ceza Mahkemesi&#x27;nde g\u00f6r\u00fclen davan\u0131n ilk duru\u015fmas\u0131nda; tutuklu san\u0131k Battal U. \u0130le \u00f6len A\u015f\u00e7\u0131p\u0131nar&#x27;\u0131n \u015fikayet\u00e7i e\u015fi S.A. haz\u0131r bulundu. Bekta\u015f A\u015f\u00e7\u0131p\u0131nar&#x27;\u0131n kendisini rahats\u0131z etti\u011fini \u00f6ne s\u00fcren san\u0131k Battal U., &quot;Bana ila\u00e7 verip bay\u0131lt\u0131p, sark\u0131nt\u0131l\u0131k yap\u0131yordu. Ben de bu y\u00fczden \u00f6ld\u00fcrd\u00fcm. Esrar&#8230;<\/p>\n","protected":false},"excerpt":{"rendered":"<p>Kayseri&#8217;de oturdu\u011fu binan\u0131n g\u00f6revlisi Bekta\u015f A\u015f\u00e7\u0131p\u0131nar&#8217;\u0131 b\u0131\u00e7aklayarak \u00f6ld\u00fcren Battal U., ilk duru\u015fmada, cinayete mecbur kald\u0131\u011f\u0131n\u0131 s\u00f6yledi. San\u0131\u011f\u0131n cezai&#8230;<\/p>\n","protected":false},"author":2,"featured_media":859,"comment_status":"open","ping_status":"open","sticky":false,"template":"","format":"standard","meta":{"footnotes":""},"categories":[8,6,5],"tags":[],"class_list":["post-860","post","type-post","status-publish","format-standard","has-post-thumbnail","hentry","category-arsiv","category-gundem","category-son-dakika"],"_links":{"self":[{"href":"https:\/\/eskigazeteci.com\/index.php?rest_route=\/wp\/v2\/posts\/860","targetHints":{"allow":["GET"]}}],"collection":[{"href":"https:\/\/eskigazeteci.com\/index.php?rest_route=\/wp\/v2\/posts"}],"about":[{"href":"https:\/\/eskigazeteci.com\/index.php?rest_route=\/wp\/v2\/types\/post"}],"author":[{"embeddable":true,"href":"https:\/\/eskigazeteci.com\/index.php?rest_route=\/wp\/v2\/users\/2"}],"replies":[{"embeddable":true,"href":"https:\/\/eskigazeteci.com\/index.php?rest_route=%2Fwp%2Fv2%2Fcomments&post=860"}],"version-history":[{"count":0,"href":"https:\/\/eskigazeteci.com\/index.php?rest_route=\/wp\/v2\/posts\/860\/revisions"}],"wp:featuredmedia":[{"embeddable":true,"href":"https:\/\/eskigazeteci.com\/index.php?rest_route=\/wp\/v2\/media\/859"}],"wp:attachment":[{"href":"https:\/\/eskigazeteci.com\/index.php?rest_route=%2Fwp%2Fv2%2Fmedia&parent=860"}],"wp:term":[{"taxonomy":"category","embeddable":true,"href":"https:\/\/eskigazeteci.com\/index.php?rest_route=%2Fwp%2Fv2%2Fcategories&post=860"},{"taxonomy":"post_tag","embeddable":true,"href":"https:\/\/eskigazeteci.com\/index.php?rest_route=%2Fwp%2Fv2%2Ftags&post=860"}],"curies":[{"name":"wp","href":"https:\/\/api.w.org\/{rel}","templated":true}]}}