{"id":86,"date":"2026-02-06T10:32:10","date_gmt":"2026-02-06T10:32:10","guid":{"rendered":"https:\/\/eskigazeteci.com\/?p=86"},"modified":"2026-02-06T10:32:10","modified_gmt":"2026-02-06T10:32:10","slug":"haber-19","status":"publish","type":"post","link":"https:\/\/eskigazeteci.com\/?p=86","title":{"rendered":"Haber"},"content":{"rendered":"<p>Konya, 680 kilometrelik bisiklet yolu, bisiklet tramvay\u0131 ve T\u00fcrkiye\u2019nin ilk, d\u00fcnyadaki 20 veledromu aras\u0131nda olan Konya Veledromu ile bisiklet \u015fehri haline geldi. Avrupa Belediyeler Birli\u011fi de Konya\u2019y\u0131 2026 Avrupa Bisiklet \u015eehri se\u00e7ti. Konya Veledromu da 1-5 \u015eubat tarihleri aras\u0131nda UEC 2026 Avrupa Pist Bisikleti \u015eampiyonas\u0131\u2019na ev sahipli\u011fi yapt\u0131. Konya B\u00fcy\u00fck\u015fehir Belediyesi&#x27;nin, Dar-\u00fcl M\u00fclk Projesi kapsam\u0131nda K\u0131l\u0131\u00e7arslan Meydan\u0131\u2019ndaki Konya Meydan Evleri\u2019nde olu\u015fturulan Velespit M\u00fczesi hizmet vermeye ba\u015flad\u0131.<\/p>\n<p>Konya, 680 kilometrelik bisiklet yolu, bisiklet tramvay\u0131 ve T\u00fcrkiye\u2019nin ilk, d\u00fcnyadaki 20 veledromu aras\u0131nda olan Konya Veledromu ile bisiklet \u015fehri haline geldi. Avrupa Belediyeler Birli\u011fi de Konya\u2019y\u0131 2026 Avrupa Bisiklet \u015eehri se\u00e7ti. Konya Veledromu da 1-5 \u015eubat tarihleri aras\u0131nda UEC 2026 Avrupa Pist Bisikleti \u015eampiyonas\u0131\u2019na ev sahipli\u011fi yapt\u0131. Konya B\u00fcy\u00fck\u015fehir Belediyesi&#x27;nin, Dar-\u00fcl M\u00fclk Projesi kapsam\u0131nda K\u0131l\u0131\u00e7arslan Meydan\u0131\u2019ndaki Konya Meydan Evleri\u2019nde olu\u015fturulan Velespit M\u00fczesi hizmet vermeye ba\u015flad\u0131.<\/p>\n<p>\u2018KONYA B\u0130R B\u0130S\u0130KLET \u015eEHR\u0130\u2019 Kentin bisiklet \u015fehri olmas\u0131nda en \u00f6nemli etkinin Konya Veledromu oldu\u011funu ifade eden Konya B\u00fcy\u00fck\u015fehir Belediye Ba\u015fkan\u0131 U\u011fur \u0130brahim Altay, \u201cKonya bir bisiklet \u015fehri, bunu ta\u00e7land\u0131ranlardan en \u00f6nemlisi Konya Veledromu oldu. T\u00fcrkiye\u2019nin ilk, d\u00fcnyadaki 20 veledromdan biri. 1-5 \u015eubat tarihlerinde de Avrupa Bisiklet \u015eampiyonas\u0131na ev sahipli\u011fi yapt\u0131. 30 \u00fclkeden 310&#x27;a yak\u0131n sporcu \u015fehrimizde yar\u0131\u015ft\u0131. Birka\u00e7 d\u00fcnya rekoru geldi. Bu da pistin ne kadar h\u0131zl\u0131 oldu\u011funun g\u00f6stergesi\u201d diye konu\u015ftu.<\/p>\n<p>\u2018KONYA B\u0130R B\u0130S\u0130KLET \u015eEHR\u0130\u2019<\/p>\n<p>Kentin bisiklet \u015fehri olmas\u0131nda en \u00f6nemli etkinin Konya Veledromu oldu\u011funu ifade eden Konya B\u00fcy\u00fck\u015fehir Belediye Ba\u015fkan\u0131 U\u011fur \u0130brahim Altay, \u201cKonya bir bisiklet \u015fehri, bunu ta\u00e7land\u0131ranlardan en \u00f6nemlisi Konya Veledromu oldu. T\u00fcrkiye\u2019nin ilk, d\u00fcnyadaki 20 veledromdan biri. 1-5 \u015eubat tarihlerinde de Avrupa Bisiklet \u015eampiyonas\u0131na ev sahipli\u011fi yapt\u0131. 30 \u00fclkeden 310&#x27;a yak\u0131n sporcu \u015fehrimizde yar\u0131\u015ft\u0131. Birka\u00e7 d\u00fcnya rekoru geldi. Bu da pistin ne kadar h\u0131zl\u0131 oldu\u011funun g\u00f6stergesi\u201d diye konu\u015ftu.<\/p>\n<p>KONYA, 2026 AVRUPA B\u0130S\u0130KLET \u015eEHR\u0130 SE\u00c7\u0130LD\u0130 Konya\u2019n\u0131n Avrupa Bisiklet \u015eehri se\u00e7ildi\u011fini s\u00f6yleyen Ba\u015fkan Altay, \u201cKonya sadece velodromla bisiklet \u015fehri olmad\u0131. Konya 680 kilometre bisiklet yoluyla, T\u00fcrkiye&#x27;de a\u00e7\u0131k ara en fazla bisiklet yoluna sahip \u015fehir. \u00d6zellikle \u00e7ocuklar\u0131m\u0131z\u0131n ve gen\u00e7lerimizin bisiklet kullan\u0131m\u0131n\u0131 artt\u0131rmalar\u0131 i\u00e7in \u00e7e\u015fitli etkinlikler d\u00fczenliyoruz. Okula bisikletle gidebilmeleri i\u00e7in bisiklet servisi uygulamam\u0131z, bisiklet tramvay\u0131m\u0131z, insanlar\u0131n toplu ula\u015f\u0131m\u0131 da bisikleti kullanmalar\u0131n\u0131 arzu ediyoruz. Bisiklet kullan\u0131c\u0131s\u0131n\u0131n temel ihtiyac\u0131 olan her \u015feyi Konya&#x27;n\u0131n her yerinde g\u00f6rebilirsiniz. T\u00fcm otoparklar\u0131m\u0131zda bisiklet parklar\u0131m\u0131z, ak\u0131ll\u0131 bisiklet ula\u015f\u0131m sistemimizle birlikte Konya UNESCO taraf\u0131ndan desteklenen Avrupa Belediyeler Birli\u011fi taraf\u0131ndan 2026 Avrupa Bisiklet \u015eehri se\u00e7ildi. Bu konuda \u00e7e\u015fitli etkinlikler d\u00fczenliyoruz\u201d dedi.<\/p>\n<p>KONYA, 2026 AVRUPA B\u0130S\u0130KLET \u015eEHR\u0130 SE\u00c7\u0130LD\u0130<\/p>\n<p>Konya\u2019n\u0131n Avrupa Bisiklet \u015eehri se\u00e7ildi\u011fini s\u00f6yleyen Ba\u015fkan Altay, \u201cKonya sadece velodromla bisiklet \u015fehri olmad\u0131. Konya 680 kilometre bisiklet yoluyla, T\u00fcrkiye&#x27;de a\u00e7\u0131k ara en fazla bisiklet yoluna sahip \u015fehir. \u00d6zellikle \u00e7ocuklar\u0131m\u0131z\u0131n ve gen\u00e7lerimizin bisiklet kullan\u0131m\u0131n\u0131 artt\u0131rmalar\u0131 i\u00e7in \u00e7e\u015fitli etkinlikler d\u00fczenliyoruz. Okula bisikletle gidebilmeleri i\u00e7in bisiklet servisi uygulamam\u0131z, bisiklet tramvay\u0131m\u0131z, insanlar\u0131n toplu ula\u015f\u0131m\u0131 da bisikleti kullanmalar\u0131n\u0131 arzu ediyoruz. Bisiklet kullan\u0131c\u0131s\u0131n\u0131n temel ihtiyac\u0131 olan her \u015feyi Konya&#x27;n\u0131n her yerinde g\u00f6rebilirsiniz. T\u00fcm otoparklar\u0131m\u0131zda bisiklet parklar\u0131m\u0131z, ak\u0131ll\u0131 bisiklet ula\u015f\u0131m sistemimizle birlikte Konya UNESCO taraf\u0131ndan desteklenen Avrupa Belediyeler Birli\u011fi taraf\u0131ndan 2026 Avrupa Bisiklet \u015eehri se\u00e7ildi. Bu konuda \u00e7e\u015fitli etkinlikler d\u00fczenliyoruz\u201d dedi.<\/p>\n<p>B\u0130S\u0130KLETE DA\u0130R NE VARSA \u2018VELESP\u0130T M\u00dcZES\u0130\u2019NDE Velespit M\u00fczesi\u2019nde bisikletle ilgili ne varsa sergilendi\u011fini ifade eden Ba\u015fkan Altay, \u015funlar\u0131 s\u00f6yledi: \u201cVelespit M\u00fczesi de bu y\u0131l \u015fehrimize kazand\u0131rd\u0131\u011f\u0131m\u0131z \u00f6nemli bir eser oldu. K\u0131l\u0131\u00e7arslan Meydan\u0131&#x27;nda, meydan evlerinin hemen yan\u0131 ba\u015f\u0131nda, Konya&#x27;n\u0131n en merkezi yerindeki bu alan \u00f6zellikle bisikletin d\u00fcnyadaki tarihinden ba\u015flayarak bir anlat\u0131m\u0131n\u0131 ger\u00e7ekle\u015ftiriyor. Sonra da T\u00fcrkiye&#x27;de bisiklet kullan\u0131m\u0131, Konya&#x27;da bisiklet kullan\u0131m\u0131, Konyal\u0131 sporcular\u0131m\u0131z\u0131n ba\u015far\u0131lar\u0131, bisikletin mekanik olarak par\u00e7alar\u0131n\u0131n ortaya konulmas\u0131 oldu\u011fu interaktif alanlar ve geldi\u011finizde \u00f6zellikle \u00e7ocuklar\u0131n sadece izledikleri de\u011fil interaktif olarak i\u00e7inde ald\u0131klar\u0131 \u00e7e\u015fitli etkinlik alanlar\u0131yla birlikte buras\u0131 bir ziyaret mekan\u0131na d\u00f6n\u00fc\u015ft\u00fc. \u00d6nceki y\u0131llara ait \u00f6rnek bisikletlerle gelen ziyaret\u00e7ilerimizi kar\u015f\u0131l\u0131yoruz.\u201d (DHA)<\/p>\n<p>B\u0130S\u0130KLETE DA\u0130R NE VARSA \u2018VELESP\u0130T M\u00dcZES\u0130\u2019NDE<\/p>\n<p>Velespit M\u00fczesi\u2019nde bisikletle ilgili ne varsa sergilendi\u011fini ifade eden Ba\u015fkan Altay, \u015funlar\u0131 s\u00f6yledi:<\/p>\n<p>\u201cVelespit M\u00fczesi de bu y\u0131l \u015fehrimize kazand\u0131rd\u0131\u011f\u0131m\u0131z \u00f6nemli bir eser oldu. K\u0131l\u0131\u00e7arslan Meydan\u0131&#x27;nda, meydan evlerinin hemen yan\u0131 ba\u015f\u0131nda, Konya&#x27;n\u0131n en merkezi yerindeki bu alan \u00f6zellikle bisikletin d\u00fcnyadaki tarihinden ba\u015flayarak bir anlat\u0131m\u0131n\u0131 ger\u00e7ekle\u015ftiriyor. Sonra da T\u00fcrkiye&#x27;de bisiklet kullan\u0131m\u0131, Konya&#x27;da bisiklet kullan\u0131m\u0131, Konyal\u0131 sporcular\u0131m\u0131z\u0131n ba\u015far\u0131lar\u0131, bisikletin mekanik olarak par\u00e7alar\u0131n\u0131n ortaya konulmas\u0131 oldu\u011fu interaktif alanlar ve geldi\u011finizde \u00f6zellikle \u00e7ocuklar\u0131n sadece izledikleri de\u011fil interaktif olarak i\u00e7inde ald\u0131klar\u0131 \u00e7e\u015fitli etkinlik alanlar\u0131yla birlikte buras\u0131 bir ziyaret mekan\u0131na d\u00f6n\u00fc\u015ft\u00fc. \u00d6nceki y\u0131llara ait \u00f6rnek bisikletlerle gelen ziyaret\u00e7ilerimizi kar\u015f\u0131l\u0131yoruz.\u201d (DHA)<\/p>\n<p>T\u00fcrkiye g\u00fcndeminden son dakika haberleri, bug\u00fcn ya\u015fanan en son geli\u015fmeler, siyaset g\u00fcndeminden g\u00fcncel haberler ve b\u00fct\u00fcn son dakika haberleri i\u00e7in H\u00fcrriyet&#x27;in internet haber sitesi hurriyet.com.tr; Hurriyet.com.tr haber i\u00e7erikleri kaynak g\u00f6sterilmeden al\u0131nt\u0131 yap\u0131lamaz, Kanuna ayk\u0131r\u0131 ve izinsiz olarak kopyalanamaz, ba\u015fka yerde yay\u0131nlanamaz.<\/p>\n","protected":false},"excerpt":{"rendered":"<p>Avrupa Belediyeler Birli\u011fi taraf\u0131ndan 2026 Avrupa Bisiklet \u015eehri se\u00e7ilen Konya\u2019da T\u00fcrkiye\u2019nin ilk bisiklet m\u00fczesi olan \u2018Velespit M\u00fczesi\u2019 hizmete a\u00e7\u0131ld\u0131&#8230;.<\/p>\n","protected":false},"author":2,"featured_media":85,"comment_status":"open","ping_status":"open","sticky":false,"template":"","format":"standard","meta":{"footnotes":""},"categories":[8,3],"tags":[],"class_list":["post-86","post","type-post","status-publish","format-standard","has-post-thumbnail","hentry","category-arsiv","category-siyaset"],"_links":{"self":[{"href":"https:\/\/eskigazeteci.com\/index.php?rest_route=\/wp\/v2\/posts\/86","targetHints":{"allow":["GET"]}}],"collection":[{"href":"https:\/\/eskigazeteci.com\/index.php?rest_route=\/wp\/v2\/posts"}],"about":[{"href":"https:\/\/eskigazeteci.com\/index.php?rest_route=\/wp\/v2\/types\/post"}],"author":[{"embeddable":true,"href":"https:\/\/eskigazeteci.com\/index.php?rest_route=\/wp\/v2\/users\/2"}],"replies":[{"embeddable":true,"href":"https:\/\/eskigazeteci.com\/index.php?rest_route=%2Fwp%2Fv2%2Fcomments&post=86"}],"version-history":[{"count":0,"href":"https:\/\/eskigazeteci.com\/index.php?rest_route=\/wp\/v2\/posts\/86\/revisions"}],"wp:featuredmedia":[{"embeddable":true,"href":"https:\/\/eskigazeteci.com\/index.php?rest_route=\/wp\/v2\/media\/85"}],"wp:attachment":[{"href":"https:\/\/eskigazeteci.com\/index.php?rest_route=%2Fwp%2Fv2%2Fmedia&parent=86"}],"wp:term":[{"taxonomy":"category","embeddable":true,"href":"https:\/\/eskigazeteci.com\/index.php?rest_route=%2Fwp%2Fv2%2Fcategories&post=86"},{"taxonomy":"post_tag","embeddable":true,"href":"https:\/\/eskigazeteci.com\/index.php?rest_route=%2Fwp%2Fv2%2Ftags&post=86"}],"curies":[{"name":"wp","href":"https:\/\/api.w.org\/{rel}","templated":true}]}}